{"id":88355,"date":"2025-06-11T15:45:59","date_gmt":"2025-06-11T13:45:59","guid":{"rendered":"https:\/\/jugulajm.net\/?p=88355"},"modified":"2025-06-11T15:49:54","modified_gmt":"2025-06-11T13:49:54","slug":"emri-foto-itali-21-vjecari-shqiptar-humb-jeten-ne-aksident-ishte-me-motor-kur","status":"publish","type":"post","link":"https:\/\/jugulajm.net\/?p=88355","title":{"rendered":"EMRI-FOTO\/ Itali, 21-vje\u00e7ari shqiptar humb jet\u00ebn n\u00eb aksident, ishte me motor kur&#8230;"},"content":{"rendered":"<p>Shqiptari Matias Selaj p\u00ebsoi nj\u00eb aksident t\u00eb r\u00ebnd\u00eb m\u00ebngjesin e 4 qershorit, teksa po l\u00ebvizte me motor.<\/p>\n<p>I riu shqiptar po ecte me motor kur u p\u00ebrplas me nj\u00eb furgon t\u00eb parkuar anash rrug\u00ebs, pas p\u00ebrplasjes trupi i tij fluturoi disa metra n\u00eb pjes\u00ebn tjet\u00ebr t\u00eb rrug\u00ebs, ku p\u00ebr fat t\u00eb keq u p\u00ebrplas nga nj\u00eb makin\u00eb.<\/p>\n<p>Ngjarja e rend\u00eb ndodhi n\u00eb Itali n\u00eb rrug\u00ebn Strada dei Vivai, pran\u00eb Sant\u2019Angelo di Piove, nd\u00ebrsa i riu po shkonte n\u00eb pun\u00eb me moto\u00e7iklet\u00ebn e tij.<\/p>\n<p>Sipas informacioneve paraprake, Matia goditi pjes\u00ebn e pasme t\u00eb nj\u00eb furgoni Opel t\u00eb ndalur n\u00eb an\u00eb t\u00eb rrug\u00ebs. Pas p\u00ebrplasjes, ai p\u00ebrfundoi n\u00eb korsin\u00eb e kund\u00ebrt, ku u godit nga nj\u00eb makin\u00eb tjet\u00ebr q\u00eb po vinte nga drejtimi i kund\u00ebrt, e drejtuar nga nj\u00eb grua 49-vje\u00e7are.<\/p>\n<p>Pavar\u00ebsisht ndihm\u00ebs mjek\u00ebsore, i riu nuk ia doli t\u00eb mbijetonte e p\u00ebr rrjedhoj\u00eb nd\u00ebrroi jet\u00eb n\u00eb spital, 3 dit\u00eb pas ngjarjes.<\/p>\n","protected":false},"excerpt":{"rendered":"<p>Shqiptari Matias Selaj p\u00ebsoi nj\u00eb aksident t\u00eb r\u00ebnd\u00eb m\u00ebngjesin e 4 qershorit, teksa po l\u00ebvizte me motor. I riu shqiptar po ecte me motor kur u p\u00ebrplas me nj\u00eb furgon t\u00eb parkuar anash rrug\u00ebs, pas p\u00ebrplasjes trupi i tij fluturoi disa metra n\u00eb pjes\u00ebn tjet\u00ebr t\u00eb rrug\u00ebs, ku p\u00ebr fat t\u00eb keq u p\u00ebrplas nga [&hellip;]<\/p>\n","protected":false},"author":5,"featured_media":88356,"comment_status":"closed","ping_status":"closed","sticky":false,"template":"","format":"standard","meta":{"footnotes":""},"categories":[1,7664,6332],"tags":[36640,23305,26280],"class_list":{"0":"post-88355","1":"post","2":"type-post","3":"status-publish","4":"format-standard","5":"has-post-thumbnail","7":"category-aktualitet","8":"category-bota","9":"category-te-fundit","10":"tag-21-vjecari-shqiptar-humb-jeten-ne-aksident","11":"tag-emri-foto-itali","12":"tag-ishte-me-motor-kur"},"_links":{"self":[{"href":"https:\/\/jugulajm.net\/index.php?rest_route=\/wp\/v2\/posts\/88355","targetHints":{"allow":["GET"]}}],"collection":[{"href":"https:\/\/jugulajm.net\/index.php?rest_route=\/wp\/v2\/posts"}],"about":[{"href":"https:\/\/jugulajm.net\/index.php?rest_route=\/wp\/v2\/types\/post"}],"author":[{"embeddable":true,"href":"https:\/\/jugulajm.net\/index.php?rest_route=\/wp\/v2\/users\/5"}],"replies":[{"embeddable":true,"href":"https:\/\/jugulajm.net\/index.php?rest_route=%2Fwp%2Fv2%2Fcomments&post=88355"}],"version-history":[{"count":3,"href":"https:\/\/jugulajm.net\/index.php?rest_route=\/wp\/v2\/posts\/88355\/revisions"}],"predecessor-version":[{"id":88359,"href":"https:\/\/jugulajm.net\/index.php?rest_route=\/wp\/v2\/posts\/88355\/revisions\/88359"}],"wp:featuredmedia":[{"embeddable":true,"href":"https:\/\/jugulajm.net\/index.php?rest_route=\/wp\/v2\/media\/88356"}],"wp:attachment":[{"href":"https:\/\/jugulajm.net\/index.php?rest_route=%2Fwp%2Fv2%2Fmedia&parent=88355"}],"wp:term":[{"taxonomy":"category","embeddable":true,"href":"https:\/\/jugulajm.net\/index.php?rest_route=%2Fwp%2Fv2%2Fcategories&post=88355"},{"taxonomy":"post_tag","embeddable":true,"href":"https:\/\/jugulajm.net\/index.php?rest_route=%2Fwp%2Fv2%2Ftags&post=88355"}],"curies":[{"name":"wp","href":"https:\/\/api.w.org\/{rel}","templated":true}]}}