{"id":88334,"date":"2025-06-10T19:26:57","date_gmt":"2025-06-10T17:26:57","guid":{"rendered":"https:\/\/jugulajm.net\/?p=88334"},"modified":"2025-06-10T19:33:05","modified_gmt":"2025-06-10T17:33:05","slug":"emri-foto-nje-gjirokastrite-zgjidhet-kryetare-e-keshillit-bashkiak-te-tiranes","status":"publish","type":"post","link":"https:\/\/jugulajm.net\/?p=88334","title":{"rendered":"EMRI-FOTO\/ Nj\u00eb gjirokastrite zgjidhet Kryetare e K\u00ebshillit Bashkiak t\u00eb Tiran\u00ebs"},"content":{"rendered":"<p>Nje gjirokastrite zgjidhet Kryetare e K\u00ebshillit Bashkiak t\u00eb Tiran\u00ebs. Me propozim t\u00eb Kryetarit t\u00eb Grupit t\u00eb k\u00ebshilltar\u00ebve socialist, Eridian Salianji, Megi Fino u propozua n\u00eb krye t\u00eb k\u00ebshillit bashkiak, nd\u00ebrsa Endrit Braimllari n\u00eb postin e n\u00ebnkryetarit.<\/p>\n<p>Megi Fino do t\u00eb z\u00ebvend\u00ebsoj\u00eb n\u00eb k\u00ebt\u00eb detyr\u00eb Romina Kukon, pasi u zgjodh deputete.<\/p>\n<p>Megi Fino lindi n\u00eb Janin\u00eb m\u00eb 7 Prill 1993 dhe \u00ebsht\u00eb vajza e ish-kryeministrit t\u00eb ndjer\u00eb Bashkim Fino.<\/p>\n<p>Fino studimet parauniversitare i ka kryer n\u00eb programin International Baccalaureate (IB) Diploma i p\u00ebrfundoi n\u00eb Pekin n\u00eb vitin 2012.<\/p>\n<p>M\u00eb pas studioi drejt\u00ebsi n\u00eb City, University of London n\u00eb Britanin\u00eb e Madhe, prej t\u00eb cilit zot\u00ebron edhe diplom\u00ebn Master (LLM) n\u00eb t\u00eb Drejt\u00eb Publike Nd\u00ebrkomb\u00ebtare dhe n\u00eb vijim diplom\u00ebn e Masterit Profesional t\u00eb Praktik\u00ebs Ligjore (LPC). N\u00eb vitin 2015, u diplomua n\u00eb gjuh\u00ebn kineze (mandarin) nga SOAS University of London.<\/p>\n<p>Fino u angazhua si k\u00ebshilltare ligjore p\u00ebr \u00e7\u00ebshtjet e emigracionit n\u00eb studio nd\u00ebrkomb\u00ebtare gjat\u00eb studimeve universitare dhe pasuniversitare, si dhe n\u00eb qendra p\u00ebr sh\u00ebrbim juridik falas, me orientim asistenc\u00eb sociale.<\/p>\n<p>Prej vitit 2018, ajo punoi si avokate n\u00eb studion ligjore CMS Adonnino Ascoli &amp; Cavasola Scamoni n\u00eb Tiran\u00eb, dhe m\u00eb pas si eksperte rregullatore n\u00eb departamentin ligjor dhe t\u00eb marr\u00ebdhenieve me jasht\u00eb t\u00eb kompanis\u00eb Vodafone Albania.<\/p>\n<div id=\"MDA34416\" class=\"\" data-adid=\"mdabalkanweb121885\" data-netid=\"137356148\" data-sizes=\"300x250\" data-google-query-id=\"CJvwtL-u540DFZWHgwcdKXYkWA\">\n<div id=\"google_ads_iframe_\/137356148\/mdabalkanweb121885_0__container__\">N\u00eb vitin 2021, znj. Fino hartoi Indeksin e Integritetit, pjes\u00eb e projektit STAR 3 p\u00ebr reform\u00ebn e qeverisjes lokale, duke sh\u00ebrbyer si k\u00ebshilltare integriteti e Programit p\u00ebr Zhvillim t\u00eb Kombeve t\u00eb Bashkuara (UNDP).<\/div>\n<\/div>\n<p>Ajo flet rrjedhsh\u00ebm anglisht dhe spanjisht, si dhe njeh mire gjuh\u00ebn kineze, italiane dhe greke.<\/p>\n<p>Megi Fino sh\u00ebrben si Z\u00ebvend\u00ebsministre n\u00eb Ministrin\u00eb p\u00ebr Evrop\u00ebn dhe Pun\u00ebt e Jashtme q\u00eb nga qershori 2021.<img decoding=\"async\" src=\"https:\/\/punetejashtme.gov.al\/wp-content\/uploads\/2024\/05\/Megi-Fino.jpg\" \/><\/p>\n","protected":false},"excerpt":{"rendered":"<p>Nje gjirokastrite zgjidhet Kryetare e K\u00ebshillit Bashkiak t\u00eb Tiran\u00ebs. Me propozim t\u00eb Kryetarit t\u00eb Grupit t\u00eb k\u00ebshilltar\u00ebve socialist, Eridian Salianji, Megi Fino u propozua n\u00eb krye t\u00eb k\u00ebshillit bashkiak, nd\u00ebrsa Endrit Braimllari n\u00eb postin e n\u00ebnkryetarit. Megi Fino do t\u00eb z\u00ebvend\u00ebsoj\u00eb n\u00eb k\u00ebt\u00eb detyr\u00eb Romina Kukon, pasi u zgjodh deputete. Megi Fino lindi n\u00eb Janin\u00eb [&hellip;]<\/p>\n","protected":false},"author":5,"featured_media":88335,"comment_status":"closed","ping_status":"closed","sticky":false,"template":"","format":"standard","meta":{"footnotes":""},"categories":[6326,6332,29228],"tags":[36633],"class_list":{"0":"post-88334","1":"post","2":"type-post","3":"status-publish","4":"format-standard","5":"has-post-thumbnail","7":"category-politike","8":"category-te-fundit","9":"category-vendi","10":"tag-emri-foto-nje-gjirokastrite-zgjidhet-kryetare-e-keshillit-bashkiak-te-tiranes"},"_links":{"self":[{"href":"https:\/\/jugulajm.net\/index.php?rest_route=\/wp\/v2\/posts\/88334","targetHints":{"allow":["GET"]}}],"collection":[{"href":"https:\/\/jugulajm.net\/index.php?rest_route=\/wp\/v2\/posts"}],"about":[{"href":"https:\/\/jugulajm.net\/index.php?rest_route=\/wp\/v2\/types\/post"}],"author":[{"embeddable":true,"href":"https:\/\/jugulajm.net\/index.php?rest_route=\/wp\/v2\/users\/5"}],"replies":[{"embeddable":true,"href":"https:\/\/jugulajm.net\/index.php?rest_route=%2Fwp%2Fv2%2Fcomments&post=88334"}],"version-history":[{"count":5,"href":"https:\/\/jugulajm.net\/index.php?rest_route=\/wp\/v2\/posts\/88334\/revisions"}],"predecessor-version":[{"id":88340,"href":"https:\/\/jugulajm.net\/index.php?rest_route=\/wp\/v2\/posts\/88334\/revisions\/88340"}],"wp:featuredmedia":[{"embeddable":true,"href":"https:\/\/jugulajm.net\/index.php?rest_route=\/wp\/v2\/media\/88335"}],"wp:attachment":[{"href":"https:\/\/jugulajm.net\/index.php?rest_route=%2Fwp%2Fv2%2Fmedia&parent=88334"}],"wp:term":[{"taxonomy":"category","embeddable":true,"href":"https:\/\/jugulajm.net\/index.php?rest_route=%2Fwp%2Fv2%2Fcategories&post=88334"},{"taxonomy":"post_tag","embeddable":true,"href":"https:\/\/jugulajm.net\/index.php?rest_route=%2Fwp%2Fv2%2Ftags&post=88334"}],"curies":[{"name":"wp","href":"https:\/\/api.w.org\/{rel}","templated":true}]}}