{"id":88327,"date":"2025-06-10T17:24:09","date_gmt":"2025-06-10T15:24:09","guid":{"rendered":"https:\/\/jugulajm.net\/?p=88327"},"modified":"2025-06-10T17:24:09","modified_gmt":"2025-06-10T15:24:09","slug":"greqi-nderron-jete-foshnja-5-muajshe-arrestohen-prinderit-shqiptare-ja-arsyeja","status":"publish","type":"post","link":"https:\/\/jugulajm.net\/?p=88327","title":{"rendered":"Greqi, nd\u00ebrron jet\u00eb foshnja 5-muajshe, arrestohen prind\u00ebrit shqiptar\u00eb, ja arsyeja&#8230;"},"content":{"rendered":"<p>Autoritetet greke po hetojn\u00eb vdekjen e nj\u00eb foshnje 5-muajshe n\u00eb rrethana t\u00eb paqarta n\u00eb Paros.<\/p>\n<p>Si\u00e7 raportohet nga tv ERT, babai 45-vje\u00e7ar dhe n\u00ebna 35-vje\u00e7are t\u00eb foshnj\u00ebs, me origjin\u00eb shqiptare, jan\u00eb arrestuar p\u00ebr ekspozimin fatal t\u00eb nj\u00eb t\u00eb mituri.<\/p>\n<p>Nj\u00eb foshnj\u00eb 5-muajshe nd\u00ebrroi jet\u00eb n\u00eb rrethana ende t\u00eb paqarta n\u00eb ishullin e Paros, duke tronditur opinionin publik.<\/p>\n<p>Prind\u00ebrit e s\u00eb mitur\u00ebs, me origjin\u00eb shqiptare dhe banuese prej vitesh n\u00eb ishull, jan\u00eb arrestuar nga autoritetet greke n\u00ebn akuz\u00ebn p\u00ebr ekspozim t\u00eb rreziksh\u00ebm q\u00eb \u00e7oi n\u00eb vdekjen e f\u00ebmij\u00ebs.<\/p>\n<p>Ngjarja ndodhi t\u00eb diel\u00ebn pasdite, kur n\u00ebna e f\u00ebmij\u00ebs e \u00e7oi t\u00eb vogl\u00ebn n\u00eb Qendr\u00ebn Sh\u00ebndet\u00ebsore t\u00eb Paros pa ndjenja, ku mjek\u00ebt konstatuan se f\u00ebmij\u00eb nuk merrte frym\u00eb. Pavar\u00ebsisht p\u00ebrpjekjeve p\u00ebr reanimim, fatkeq\u00ebsisht f\u00ebmija kishte nd\u00ebrruar jet\u00eb.<\/p>\n<p>Sipas autoriteteve, ekzistojn\u00eb disa skenar\u00eb n\u00eb hetim.<\/p>\n<p>Nj\u00eb nga dyshimet kryesore \u00ebsht\u00eb se f\u00ebmija mund t\u00eb jet\u00eb l\u00ebn\u00eb p\u00ebr nj\u00eb koh\u00eb t\u00eb gjat\u00eb n\u00eb makin\u00eb, nd\u00ebrsa prind\u00ebrit ndodheshin n\u00eb plazh.<\/p>\n<p>Nj\u00eb banor i zon\u00ebs deklaroi p\u00ebr televizionin grek Star se familja ishte n\u00eb plazhin e Parasp\u00f3ros dhe se e kishin l\u00ebn\u00eb f\u00ebmij\u00ebn n\u00eb makin\u00eb p\u00ebr t\u00eb fjetur, pasi kishte dremitur gjat\u00eb rrug\u00ebs.<\/p>\n<p>Nj\u00eb tjet\u00ebr version q\u00eb po hetohet \u00ebsht\u00eb ai se foshnja mund t\u00eb ket\u00eb qen\u00eb n\u00eb diell p\u00ebr disa or\u00eb dhe ka humbur ndjenjat m\u00eb von\u00eb n\u00eb sht\u00ebpi.<\/p>\n<p>Sipas policis\u00eb greke, d\u00ebshmit\u00eb e prind\u00ebrve nuk p\u00ebrputhen. Babai ka deklaruar se f\u00ebmija ishte me ta n\u00eb plazh, nd\u00ebrsa n\u00ebna ka pranuar se e kishin l\u00ebn\u00eb n\u00eb makin\u00eb. K\u00ebto kontradikta kan\u00eb ngritur m\u00eb shum\u00eb dyshime p\u00ebr m\u00ebnyr\u00ebn sesi ndodhi vdekja fatale.<\/p>\n<p>Pas konstatimit t\u00eb vdekjes, mjek\u00ebt njoftuan menj\u00ebher\u00eb policin\u00eb dhe \u00e7ifti u arrestua. Ata u d\u00ebrguan n\u00eb komisariat dhe pritet t\u00eb dalin p\u00ebrpara Prokuroris\u00eb s\u00eb Syros, nd\u00ebrsa hetimet vazhdojn\u00eb.<\/p>\n","protected":false},"excerpt":{"rendered":"<p>Autoritetet greke po hetojn\u00eb vdekjen e nj\u00eb foshnje 5-muajshe n\u00eb rrethana t\u00eb paqarta n\u00eb Paros. Si\u00e7 raportohet nga tv ERT, babai 45-vje\u00e7ar dhe n\u00ebna 35-vje\u00e7are t\u00eb foshnj\u00ebs, me origjin\u00eb shqiptare, jan\u00eb arrestuar p\u00ebr ekspozimin fatal t\u00eb nj\u00eb t\u00eb mituri. Nj\u00eb foshnj\u00eb 5-muajshe nd\u00ebrroi jet\u00eb n\u00eb rrethana ende t\u00eb paqarta n\u00eb ishullin e Paros, duke tronditur [&hellip;]<\/p>\n","protected":false},"author":5,"featured_media":56952,"comment_status":"closed","ping_status":"closed","sticky":false,"template":"","format":"standard","meta":{"footnotes":""},"categories":[1,6332],"tags":[36630,26537,20856,36629],"class_list":{"0":"post-88327","1":"post","2":"type-post","3":"status-publish","4":"format-standard","5":"has-post-thumbnail","7":"category-aktualitet","8":"category-te-fundit","9":"tag-arrestohen-prinderit-shqiptare","10":"tag-greqi","11":"tag-ja-arsyeja","12":"tag-nderron-jete-foshnja-5-muajshe"},"_links":{"self":[{"href":"https:\/\/jugulajm.net\/index.php?rest_route=\/wp\/v2\/posts\/88327","targetHints":{"allow":["GET"]}}],"collection":[{"href":"https:\/\/jugulajm.net\/index.php?rest_route=\/wp\/v2\/posts"}],"about":[{"href":"https:\/\/jugulajm.net\/index.php?rest_route=\/wp\/v2\/types\/post"}],"author":[{"embeddable":true,"href":"https:\/\/jugulajm.net\/index.php?rest_route=\/wp\/v2\/users\/5"}],"replies":[{"embeddable":true,"href":"https:\/\/jugulajm.net\/index.php?rest_route=%2Fwp%2Fv2%2Fcomments&post=88327"}],"version-history":[{"count":1,"href":"https:\/\/jugulajm.net\/index.php?rest_route=\/wp\/v2\/posts\/88327\/revisions"}],"predecessor-version":[{"id":88328,"href":"https:\/\/jugulajm.net\/index.php?rest_route=\/wp\/v2\/posts\/88327\/revisions\/88328"}],"wp:featuredmedia":[{"embeddable":true,"href":"https:\/\/jugulajm.net\/index.php?rest_route=\/wp\/v2\/media\/56952"}],"wp:attachment":[{"href":"https:\/\/jugulajm.net\/index.php?rest_route=%2Fwp%2Fv2%2Fmedia&parent=88327"}],"wp:term":[{"taxonomy":"category","embeddable":true,"href":"https:\/\/jugulajm.net\/index.php?rest_route=%2Fwp%2Fv2%2Fcategories&post=88327"},{"taxonomy":"post_tag","embeddable":true,"href":"https:\/\/jugulajm.net\/index.php?rest_route=%2Fwp%2Fv2%2Ftags&post=88327"}],"curies":[{"name":"wp","href":"https:\/\/api.w.org\/{rel}","templated":true}]}}