{"id":88272,"date":"2025-06-09T10:49:25","date_gmt":"2025-06-09T08:49:25","guid":{"rendered":"https:\/\/jugulajm.net\/?p=88272"},"modified":"2025-06-09T10:49:48","modified_gmt":"2025-06-09T08:49:48","slug":"emri-foto-itali-59-vjecari-shqiptar-qellohet-me-plumb-ne-koke-eshte-ne-lufte-per-jeten","status":"publish","type":"post","link":"https:\/\/jugulajm.net\/?p=88272","title":{"rendered":"EMRI-FOTO\/ Itali, 59-vje\u00e7ari shqiptar q\u00ebllohet me plumb n\u00eb kok\u00eb, \u00ebsht\u00eb n\u00eb luft\u00eb p\u00ebr jet\u00ebn"},"content":{"rendered":"<p>Nj\u00eb 59-vje\u00e7ar shqiptar \u00ebsht\u00eb q\u00eblluar me arm\u00eb zjarri n\u00eb Itali.\u00a0<a href=\"https:\/\/www.padovaoggi.it\/cronaca\/fontaniva-colpo-testimoni-prognosi-arma-giallo-fuoco-ciclista-8-giugno-2025.html\">Mediat vendase<\/a>\u00a0shkruajn\u00eb se shqiptari u q\u00ebllua me arm\u00eb rreth or\u00ebs 09:30 t\u00eb m\u00ebngjesit teksa l\u00ebvizte me bi\u00e7iklet\u00eb.<\/p>\n<p>Fatos Cenaj u vu re nga disa kalimtar\u00eb teksa ndodhej i shtrir\u00eb n\u00eb tok\u00eb me plag\u00eb n\u00eb fytyr\u00eb.<\/p>\n<p>Aktualisht, i plagosuri \u00ebsht\u00eb n\u00eb luft\u00eb p\u00ebr jet\u00ebn.<\/p>\n<p>Nd\u00ebr hipotezat m\u00eb t\u00eb besueshme \u00ebsht\u00eb ajo se autori mund ta ket\u00eb q\u00eblluar nga nj\u00eb automjet n\u00eb l\u00ebvizje.<\/p>\n<p>Gjithashtu nuk p\u00ebrjashtohet mund\u00ebsia q\u00eb dikush t\u00eb ket\u00eb dashur t\u00eb provoj\u00eb nj\u00eb pushk\u00eb nga sht\u00ebpia e vet dhe aksidentalisht t\u00eb ket\u00eb goditur Cenaj.<\/p>\n<p><img decoding=\"async\" src=\"https:\/\/cdnimpuls.com\/politiko.al\/media3\/-640-0-684699bdc58c0.png\" alt=\"Itali\/ Shqiptari q\u00ebllohet me plumb n\u00eb kok\u00eb, n\u00eb luft\u00eb me\" \/><\/p>\n","protected":false},"excerpt":{"rendered":"<p>Nj\u00eb 59-vje\u00e7ar shqiptar \u00ebsht\u00eb q\u00eblluar me arm\u00eb zjarri n\u00eb Itali.\u00a0Mediat vendase\u00a0shkruajn\u00eb se shqiptari u q\u00ebllua me arm\u00eb rreth or\u00ebs 09:30 t\u00eb m\u00ebngjesit teksa l\u00ebvizte me bi\u00e7iklet\u00eb. Fatos Cenaj u vu re nga disa kalimtar\u00eb teksa ndodhej i shtrir\u00eb n\u00eb tok\u00eb me plag\u00eb n\u00eb fytyr\u00eb. Aktualisht, i plagosuri \u00ebsht\u00eb n\u00eb luft\u00eb p\u00ebr jet\u00ebn. Nd\u00ebr hipotezat m\u00eb [&hellip;]<\/p>\n","protected":false},"author":5,"featured_media":69292,"comment_status":"closed","ping_status":"closed","sticky":false,"template":"","format":"standard","meta":{"footnotes":""},"categories":[1,7664,6332],"tags":[36600,23305,36601],"class_list":{"0":"post-88272","1":"post","2":"type-post","3":"status-publish","4":"format-standard","5":"has-post-thumbnail","7":"category-aktualitet","8":"category-bota","9":"category-te-fundit","10":"tag-59-vjecari-shqiptar-qellohet-me-plumb-ne-koke","11":"tag-emri-foto-itali","12":"tag-eshte-ne-lufte-per-jeten"},"_links":{"self":[{"href":"https:\/\/jugulajm.net\/index.php?rest_route=\/wp\/v2\/posts\/88272","targetHints":{"allow":["GET"]}}],"collection":[{"href":"https:\/\/jugulajm.net\/index.php?rest_route=\/wp\/v2\/posts"}],"about":[{"href":"https:\/\/jugulajm.net\/index.php?rest_route=\/wp\/v2\/types\/post"}],"author":[{"embeddable":true,"href":"https:\/\/jugulajm.net\/index.php?rest_route=\/wp\/v2\/users\/5"}],"replies":[{"embeddable":true,"href":"https:\/\/jugulajm.net\/index.php?rest_route=%2Fwp%2Fv2%2Fcomments&post=88272"}],"version-history":[{"count":2,"href":"https:\/\/jugulajm.net\/index.php?rest_route=\/wp\/v2\/posts\/88272\/revisions"}],"predecessor-version":[{"id":88274,"href":"https:\/\/jugulajm.net\/index.php?rest_route=\/wp\/v2\/posts\/88272\/revisions\/88274"}],"wp:featuredmedia":[{"embeddable":true,"href":"https:\/\/jugulajm.net\/index.php?rest_route=\/wp\/v2\/media\/69292"}],"wp:attachment":[{"href":"https:\/\/jugulajm.net\/index.php?rest_route=%2Fwp%2Fv2%2Fmedia&parent=88272"}],"wp:term":[{"taxonomy":"category","embeddable":true,"href":"https:\/\/jugulajm.net\/index.php?rest_route=%2Fwp%2Fv2%2Fcategories&post=88272"},{"taxonomy":"post_tag","embeddable":true,"href":"https:\/\/jugulajm.net\/index.php?rest_route=%2Fwp%2Fv2%2Ftags&post=88272"}],"curies":[{"name":"wp","href":"https:\/\/api.w.org\/{rel}","templated":true}]}}