{"id":88258,"date":"2025-06-08T19:16:05","date_gmt":"2025-06-08T17:16:05","guid":{"rendered":"https:\/\/jugulajm.net\/?p=88258"},"modified":"2025-06-08T19:16:05","modified_gmt":"2025-06-08T17:16:05","slug":"itali-16-vjecari-shqiptar-plagoset-me-thike-dyshohet-se","status":"publish","type":"post","link":"https:\/\/jugulajm.net\/?p=88258","title":{"rendered":"Itali, 16-vje\u00e7ari shqiptar plagoset me thik\u00eb, dyshohet se&#8230;"},"content":{"rendered":"<p>Nj\u00eb 16-vje\u00e7ar me origjin\u00eb shqiptare \u00ebsht\u00eb plagosur r\u00ebnd\u00eb pas nj\u00eb sulmi me thik\u00eb q\u00eb ndodhi mbr\u00ebmjen e s\u00eb shtun\u00ebs n\u00eb qytetin italian t\u00eb Vicenz\u00ebs, n\u00eb nj\u00eb zon\u00eb pran\u00eb qendr\u00ebs historike t\u00eb qytetit.<\/p>\n<p>I riu u godit me thik\u00eb n\u00eb gjoks dhe ndodhet aktualisht i shtruar n\u00eb repartin e kujdesit intensiv pediatrik t\u00eb spitalit lokal. Burime nga autoritetet sh\u00ebndet\u00ebsore b\u00ebjn\u00eb me dije se, edhe pse gjendja e tij \u00ebsht\u00eb e r\u00ebnd\u00eb, jeta e tij nuk \u00ebsht\u00eb n\u00eb rrezik.<\/p>\n<p>Hetimet: nj\u00eb bashk\u00ebmoshatar i dyshuar p\u00ebr sulmin<\/p>\n<p>Sipas informacioneve paraprake t\u00eb forcave t\u00eb rendit, autori i dyshuar i sulmit \u00ebsht\u00eb nj\u00eb tjet\u00ebr i ri, ndoshta bashk\u00ebmoshatar i viktim\u00ebs.<\/p>\n<p>Motivet e ngjarjes mbeten ende t\u00eb paqarta. Nj\u00eb nga pistat q\u00eb po hetohet \u00ebsht\u00eb tentativa p\u00ebr grabitje q\u00eb p\u00ebrfundoi me dhun\u00eb, por hetuesit nuk p\u00ebrjashtojn\u00eb as mund\u00ebsin\u00eb e motiveve t\u00eb tjera personale apo konflikt t\u00eb \u00e7astit.<\/p>\n<p>Alarmi dhe nd\u00ebrhyrja e shpejt\u00eb e ndihm\u00ebs s\u00eb shpejt\u00eb<\/p>\n<p>D\u00ebshmitar\u00eb t\u00eb rast\u00ebsish\u00ebm q\u00eb ndodheshin n\u00eb zon\u00eb dhan\u00eb menj\u00ebher\u00eb alarmin. Ambulanca e Sh\u00ebrbimit Emergjenc\u00ebs Suem 118 mb\u00ebrriti me shpejt\u00ebsi n\u00eb vendin e ngjarjes, duke i dh\u00ebn\u00eb ndihm\u00ebn e par\u00eb adoleshentit p\u00ebrpara se ta transportonte drejt spitalit.<\/p>\n<p>Ngjarja ndodhi n\u00eb Via Cattaneo, nj\u00eb rrug\u00eb e populluar e Vicenz\u00ebs, e njohur p\u00ebr pranin\u00eb e nj\u00eb parkingu t\u00eb madh publik dhe zon\u00eb e frekuentuar nga qytetar\u00ebt.<\/p>\n<p>Policia n\u00eb ndjekje t\u00eb autorit<\/p>\n<p>Policia italiane po punon intensivisht p\u00ebr identifikimin e autorit t\u00eb dyshuar, nd\u00ebrsa hetimet vijojn\u00eb p\u00ebr t\u00eb hedhur drit\u00eb mbi dinamik\u00ebn e plot\u00eb t\u00eb ngjarjes.<\/p>\n<p>Sipas La Repubblica, deklaratat e viktim\u00ebs pritet t\u00eb ken\u00eb rol ky\u00e7 n\u00eb zbardhjen e ngjarjes, sapo gjendja e tij sh\u00ebndet\u00ebsore t\u00eb p\u00ebrmir\u00ebsohet dhe ai t\u00eb jet\u00eb n\u00eb gjendje t\u00eb jap\u00eb d\u00ebshmi.<\/p>\n","protected":false},"excerpt":{"rendered":"<p>Nj\u00eb 16-vje\u00e7ar me origjin\u00eb shqiptare \u00ebsht\u00eb plagosur r\u00ebnd\u00eb pas nj\u00eb sulmi me thik\u00eb q\u00eb ndodhi mbr\u00ebmjen e s\u00eb shtun\u00ebs n\u00eb qytetin italian t\u00eb Vicenz\u00ebs, n\u00eb nj\u00eb zon\u00eb pran\u00eb qendr\u00ebs historike t\u00eb qytetit. I riu u godit me thik\u00eb n\u00eb gjoks dhe ndodhet aktualisht i shtruar n\u00eb repartin e kujdesit intensiv pediatrik t\u00eb spitalit lokal. Burime [&hellip;]<\/p>\n","protected":false},"author":5,"featured_media":69292,"comment_status":"closed","ping_status":"closed","sticky":false,"template":"","format":"standard","meta":{"footnotes":""},"categories":[1,7664,6332],"tags":[36593,23094,26133],"class_list":{"0":"post-88258","1":"post","2":"type-post","3":"status-publish","4":"format-standard","5":"has-post-thumbnail","7":"category-aktualitet","8":"category-bota","9":"category-te-fundit","10":"tag-16-vjecari-shqiptar-plagoset-me-thike","11":"tag-dyshohet-se","12":"tag-itali"},"_links":{"self":[{"href":"https:\/\/jugulajm.net\/index.php?rest_route=\/wp\/v2\/posts\/88258","targetHints":{"allow":["GET"]}}],"collection":[{"href":"https:\/\/jugulajm.net\/index.php?rest_route=\/wp\/v2\/posts"}],"about":[{"href":"https:\/\/jugulajm.net\/index.php?rest_route=\/wp\/v2\/types\/post"}],"author":[{"embeddable":true,"href":"https:\/\/jugulajm.net\/index.php?rest_route=\/wp\/v2\/users\/5"}],"replies":[{"embeddable":true,"href":"https:\/\/jugulajm.net\/index.php?rest_route=%2Fwp%2Fv2%2Fcomments&post=88258"}],"version-history":[{"count":1,"href":"https:\/\/jugulajm.net\/index.php?rest_route=\/wp\/v2\/posts\/88258\/revisions"}],"predecessor-version":[{"id":88259,"href":"https:\/\/jugulajm.net\/index.php?rest_route=\/wp\/v2\/posts\/88258\/revisions\/88259"}],"wp:featuredmedia":[{"embeddable":true,"href":"https:\/\/jugulajm.net\/index.php?rest_route=\/wp\/v2\/media\/69292"}],"wp:attachment":[{"href":"https:\/\/jugulajm.net\/index.php?rest_route=%2Fwp%2Fv2%2Fmedia&parent=88258"}],"wp:term":[{"taxonomy":"category","embeddable":true,"href":"https:\/\/jugulajm.net\/index.php?rest_route=%2Fwp%2Fv2%2Fcategories&post=88258"},{"taxonomy":"post_tag","embeddable":true,"href":"https:\/\/jugulajm.net\/index.php?rest_route=%2Fwp%2Fv2%2Ftags&post=88258"}],"curies":[{"name":"wp","href":"https:\/\/api.w.org\/{rel}","templated":true}]}}