{"id":88243,"date":"2025-06-08T11:18:56","date_gmt":"2025-06-08T09:18:56","guid":{"rendered":"https:\/\/jugulajm.net\/?p=88243"},"modified":"2025-06-08T11:18:56","modified_gmt":"2025-06-08T09:18:56","slug":"ndeshja-shqiperi-serbi-drejtori-i-pegjithshem-proda-mesazh-falenderimi-strukturave-qe-u-angazhuan","status":"publish","type":"post","link":"https:\/\/jugulajm.net\/?p=88243","title":{"rendered":"Ndeshja Shqip\u00ebri-S\u00ebrbi\/ Drejtori i P\u00ebgjithsh\u00ebm Proda mesazh fal\u00ebnderimi strukturave q\u00eb u angazhuan"},"content":{"rendered":"<p>Drejtori i P\u00ebrgjithsh\u00ebm i Policis\u00eb s\u00eb Shtetit, Drejtues Madhor, Ilir Proda, iu ka d\u00ebrguar nj\u00eb mesazh fal\u00ebnderimi strukturave q\u00eb u angazhuan n\u00eb zbatimin e planit t\u00eb posa\u00e7\u00ebm t\u00eb masave p\u00ebr garantimin e rendit dhe siguris\u00eb p\u00ebrpara, gjat\u00eb dhe pas ndeshjes s\u00eb futbollit Shqip\u00ebri\u2013Serbi.<\/p>\n<p><strong>Ja mesazhi i plot\u00eb i Prod\u00ebs:<\/strong><\/p>\n<p>T\u00eb nderuar koleg\u00eb,<\/p>\n<p>\u00cbsht\u00eb e disata her\u00eb q\u00eb brenda nj\u00eb muaji t\u2019ju drejtohem me shum\u00eb k\u00ebnaq\u00ebsi dhe gjej momentin t\u00eb jem fal\u00ebnderues p\u00ebr t\u00eb gjith\u00eb ju q\u00eb p\u00ebrballuat me sukses disa sfida shum\u00eb t\u00eb r\u00ebnd\u00ebsishme, t\u00eb cilat k\u00ebrkonin p\u00ebrkushtim, angazhim, sakrific\u00eb dhe maturi.<\/p>\n<p>D\u00ebshiroj t\u2019ju shpreh mir\u00ebnjohjen dhe fal\u00ebnderimet m\u00eb t\u00eb sinqerta p\u00ebr angazhimin, profesionalizmin dhe p\u00ebrkushtimin q\u00eb treguat n\u00eb p\u00ebrballimin me sukses t\u00eb masave t\u00eb siguris\u00eb p\u00ebr ndeshjen e futbollit Shqip\u00ebri\u2013Serbi, nj\u00eb sfid\u00eb me r\u00ebnd\u00ebsi t\u00eb ve\u00e7ant\u00eb dhe ndjeshm\u00ebri t\u00eb lart\u00eb.<\/p>\n<p>Fal\u00eb bashk\u00ebpunimit t\u00eb ngusht\u00eb mes strukturave policore, veprimeve t\u00eb koordinuara p\u00ebr garantimin e standardeve t\u00eb siguris\u00eb, bashk\u00ebpunimit me Gard\u00ebn e Republik\u00ebs, Policin\u00eb Bashkiake Tiran\u00eb, FSHF-n\u00eb, UEFA-n, stafin e skuadr\u00ebs mike dhe agjencit\u00eb ligjzbatuese, ky aktivitet sportiv u menaxhua me profesionaliz\u00ebm, duke mund\u00ebsuar q\u00eb t\u00eb zhvillohej pa incidente q\u00eb do t\u00eb cenonin rendin publik apo sigurin\u00eb e pjes\u00ebmarr\u00ebsve.<\/p>\n<p>Puna juaj e palodhur, angazhimi i jasht\u00ebzakonsh\u00ebm dhe vet\u00ebkontrolli n\u00eb kushte t\u00eb ngarkes\u00ebs fizike dhe emocionale jan\u00eb tregues i qart\u00eb i p\u00ebrkushtimit q\u00eb Policia e Shtetit ka ndaj detyr\u00ebs dhe ligjit, p\u00ebr t\u00eb garantuar rendin dhe sigurin\u00eb publike, pavar\u00ebsisht sfidave apo ndjeshm\u00ebrive t\u00eb momentit.<\/p>\n<p>Fal\u00ebnderim t\u00eb ve\u00e7ant\u00eb p\u00ebr qytetar\u00ebt, sportdash\u00ebsit dhe tifoz\u00ebt, t\u00eb cil\u00ebt respektuan udh\u00ebzimet e Policis\u00eb deri n\u00eb p\u00ebrfundim t\u00eb aktivitetit sportiv.<\/p>\n<p>Bashk\u00ebpunimi me qytetar\u00ebt p\u00ebr p\u00ebrballimin e k\u00ebtyre sfidave \u00ebsht\u00eb nj\u00eb tjet\u00ebr tregues i besimit q\u00eb nd\u00ebrtojm\u00eb s\u00eb bashku, dhe nj\u00eb d\u00ebshmi e qart\u00eb e gatishm\u00ebris\u00eb son\u00eb p\u00ebr t\u00eb p\u00ebrballuar me sukses sfidat e sezonit veror.<\/p>\n","protected":false},"excerpt":{"rendered":"<p>Drejtori i P\u00ebrgjithsh\u00ebm i Policis\u00eb s\u00eb Shtetit, Drejtues Madhor, Ilir Proda, iu ka d\u00ebrguar nj\u00eb mesazh fal\u00ebnderimi strukturave q\u00eb u angazhuan n\u00eb zbatimin e planit t\u00eb posa\u00e7\u00ebm t\u00eb masave p\u00ebr garantimin e rendit dhe siguris\u00eb p\u00ebrpara, gjat\u00eb dhe pas ndeshjes s\u00eb futbollit Shqip\u00ebri\u2013Serbi. Ja mesazhi i plot\u00eb i Prod\u00ebs: T\u00eb nderuar koleg\u00eb, \u00cbsht\u00eb e disata [&hellip;]<\/p>\n","protected":false},"author":5,"featured_media":79330,"comment_status":"closed","ping_status":"closed","sticky":false,"template":"","format":"standard","meta":{"footnotes":""},"categories":[1,6332,29228],"tags":[36585],"class_list":{"0":"post-88243","1":"post","2":"type-post","3":"status-publish","4":"format-standard","5":"has-post-thumbnail","7":"category-aktualitet","8":"category-te-fundit","9":"category-vendi","10":"tag-ndeshja-shqiperi-serbi-drejtori-i-pegjithshem-proda-mesazh-falenderimi-strukturave-qe-u-angazhuan"},"_links":{"self":[{"href":"https:\/\/jugulajm.net\/index.php?rest_route=\/wp\/v2\/posts\/88243","targetHints":{"allow":["GET"]}}],"collection":[{"href":"https:\/\/jugulajm.net\/index.php?rest_route=\/wp\/v2\/posts"}],"about":[{"href":"https:\/\/jugulajm.net\/index.php?rest_route=\/wp\/v2\/types\/post"}],"author":[{"embeddable":true,"href":"https:\/\/jugulajm.net\/index.php?rest_route=\/wp\/v2\/users\/5"}],"replies":[{"embeddable":true,"href":"https:\/\/jugulajm.net\/index.php?rest_route=%2Fwp%2Fv2%2Fcomments&post=88243"}],"version-history":[{"count":1,"href":"https:\/\/jugulajm.net\/index.php?rest_route=\/wp\/v2\/posts\/88243\/revisions"}],"predecessor-version":[{"id":88244,"href":"https:\/\/jugulajm.net\/index.php?rest_route=\/wp\/v2\/posts\/88243\/revisions\/88244"}],"wp:featuredmedia":[{"embeddable":true,"href":"https:\/\/jugulajm.net\/index.php?rest_route=\/wp\/v2\/media\/79330"}],"wp:attachment":[{"href":"https:\/\/jugulajm.net\/index.php?rest_route=%2Fwp%2Fv2%2Fmedia&parent=88243"}],"wp:term":[{"taxonomy":"category","embeddable":true,"href":"https:\/\/jugulajm.net\/index.php?rest_route=%2Fwp%2Fv2%2Fcategories&post=88243"},{"taxonomy":"post_tag","embeddable":true,"href":"https:\/\/jugulajm.net\/index.php?rest_route=%2Fwp%2Fv2%2Ftags&post=88243"}],"curies":[{"name":"wp","href":"https:\/\/api.w.org\/{rel}","templated":true}]}}