{"id":88184,"date":"2025-06-06T19:38:02","date_gmt":"2025-06-06T17:38:02","guid":{"rendered":"https:\/\/jugulajm.net\/?p=88184"},"modified":"2025-06-06T19:38:02","modified_gmt":"2025-06-06T17:38:02","slug":"nderron-jete-papritur-ish-bashkeshorti-i-grida-dumes","status":"publish","type":"post","link":"https:\/\/jugulajm.net\/?p=88184","title":{"rendered":"Nd\u00ebrron jet\u00eb papritur ish-bashk\u00ebshorti i Grida Dum\u00ebs"},"content":{"rendered":"<p>Dit\u00ebn e sotme ka nd\u00ebrruar jet\u00eb diplomati Ilir Shqina.<\/p>\n<p>Shqina ka qen\u00eb ish-bashk\u00ebshorti i Grida Dum\u00ebs, me t\u00eb cil\u00ebn ka edhe nj\u00eb djal\u00eb.<\/p>\n<p>Lidhur me vdekjen e parakohshme t\u00eb Shqin\u00ebs ka reaguar edhe politikania Majlinda Bregu, e cila shpreh ngush\u00ebllimet.<\/p>\n<p><strong>Postimi i Majlinda Bregut:<\/strong><\/p>\n<p>Sapo mora lajmin e trisht\u00eb p\u00ebr ndarjen nga jeta t\u00eb Ilir Shqina-s.<\/p>\n<p>E kam njohur Ilirin kur t\u00eb dy ishim pedagog\u00eb t\u00eb rinj n\u00eb Universitet, dhe m\u00eb von\u00eb pata fatin ta kem pran\u00eb si Keshilltar diplomatik n\u00eb Ministrin\u00eb e Integrimit Europian, n\u00eb vitet kur Shqip\u00ebria perballi nje nga fazat me te rendesishme te procesit te an\u00ebtar\u00ebsimit n\u00eb Europ\u00eb.<\/p>\n<p>Nuk kishim t\u00eb nj\u00ebjtat bindje politike, por Ilir solli n\u00eb Ministrin\u00eb e Integrimit Evropian, at\u00eb q\u00eb mungon shpesh n\u00eb administrat\u00eb: korrekt\u00ebsin\u00eb, dinjitetin dhe maturin\u00eb si akt sh\u00ebrbimi publik.<\/p>\n<p>Ngush\u00ebllimet m\u00eb t\u00eb sinqerta p\u00ebr k\u00ebt\u00eb dhimbje t\u00eb parakohshme, familjes dhe t\u00eb gjith\u00eb atyre q\u00eb e njoh\u00ebn dhe e \u00e7muan.<\/p>\n<p>U prehsh n\u00eb paqe, Ilir.<\/p>\n","protected":false},"excerpt":{"rendered":"<p>Dit\u00ebn e sotme ka nd\u00ebrruar jet\u00eb diplomati Ilir Shqina. Shqina ka qen\u00eb ish-bashk\u00ebshorti i Grida Dum\u00ebs, me t\u00eb cil\u00ebn ka edhe nj\u00eb djal\u00eb. Lidhur me vdekjen e parakohshme t\u00eb Shqin\u00ebs ka reaguar edhe politikania Majlinda Bregu, e cila shpreh ngush\u00ebllimet. Postimi i Majlinda Bregut: Sapo mora lajmin e trisht\u00eb p\u00ebr ndarjen nga jeta t\u00eb Ilir [&hellip;]<\/p>\n","protected":false},"author":5,"featured_media":88186,"comment_status":"closed","ping_status":"closed","sticky":false,"template":"","format":"standard","meta":{"footnotes":""},"categories":[1,6332,29228],"tags":[36555],"class_list":{"0":"post-88184","1":"post","2":"type-post","3":"status-publish","4":"format-standard","5":"has-post-thumbnail","7":"category-aktualitet","8":"category-te-fundit","9":"category-vendi","10":"tag-nderron-jete-papritur-ish-bashkeshorti-i-grida-dumes"},"_links":{"self":[{"href":"https:\/\/jugulajm.net\/index.php?rest_route=\/wp\/v2\/posts\/88184","targetHints":{"allow":["GET"]}}],"collection":[{"href":"https:\/\/jugulajm.net\/index.php?rest_route=\/wp\/v2\/posts"}],"about":[{"href":"https:\/\/jugulajm.net\/index.php?rest_route=\/wp\/v2\/types\/post"}],"author":[{"embeddable":true,"href":"https:\/\/jugulajm.net\/index.php?rest_route=\/wp\/v2\/users\/5"}],"replies":[{"embeddable":true,"href":"https:\/\/jugulajm.net\/index.php?rest_route=%2Fwp%2Fv2%2Fcomments&post=88184"}],"version-history":[{"count":1,"href":"https:\/\/jugulajm.net\/index.php?rest_route=\/wp\/v2\/posts\/88184\/revisions"}],"predecessor-version":[{"id":88187,"href":"https:\/\/jugulajm.net\/index.php?rest_route=\/wp\/v2\/posts\/88184\/revisions\/88187"}],"wp:featuredmedia":[{"embeddable":true,"href":"https:\/\/jugulajm.net\/index.php?rest_route=\/wp\/v2\/media\/88186"}],"wp:attachment":[{"href":"https:\/\/jugulajm.net\/index.php?rest_route=%2Fwp%2Fv2%2Fmedia&parent=88184"}],"wp:term":[{"taxonomy":"category","embeddable":true,"href":"https:\/\/jugulajm.net\/index.php?rest_route=%2Fwp%2Fv2%2Fcategories&post=88184"},{"taxonomy":"post_tag","embeddable":true,"href":"https:\/\/jugulajm.net\/index.php?rest_route=%2Fwp%2Fv2%2Ftags&post=88184"}],"curies":[{"name":"wp","href":"https:\/\/api.w.org\/{rel}","templated":true}]}}