{"id":88170,"date":"2025-06-06T13:05:18","date_gmt":"2025-06-06T11:05:18","guid":{"rendered":"https:\/\/jugulajm.net\/?p=88170"},"modified":"2025-06-06T13:05:18","modified_gmt":"2025-06-06T11:05:18","slug":"emrat-vetedorezohet-autori-i-plagosjes-se-ciftit-te-komshinjve-i-qelloi-pasi","status":"publish","type":"post","link":"https:\/\/jugulajm.net\/?p=88170","title":{"rendered":"EMRAT\/ Vet\u00ebdor\u00ebzohet autori i plagosjes s\u00eb \u00e7iftit t\u00eb komshinjve, i q\u00eblloi pasi&#8230;"},"content":{"rendered":"<p>Vet\u00ebdor\u00ebzohet autori i plagosjes me arm\u00eb zjarri t\u00eb \u00e7iftit t\u00eb komshinjve t\u00eb tij.<\/p>\n<p>B\u00ebhet fjal\u00eb p\u00ebr Shp\u00ebtim Osma, i cili q\u00eblloi \u00e7iftin e komshinjve, Sami dhe Nadire Disha, n\u00eb fshatin Gos t\u00eb Kavaj\u00ebs.<\/p>\n<p>Ngjarja ndodhi rreth or\u00ebs 10:15 t\u00eb paradites s\u00eb sotme, pas nj\u00eb konflikti p\u00ebr qenin e autorit, i cili sipas burimeve paraprake kishte hyr\u00eb n\u00eb oborrin e fqinj\u00ebve. Debati verbal mes pal\u00ebve ka agravuar deri n\u00eb p\u00ebrdorimin e arm\u00ebs, ku Shp\u00ebtim Osma q\u00eblloi me pistolet\u00eb n\u00eb drejtim t\u00eb fqinj\u00ebve t\u00eb tij, duke plagosur \u00e7iftin Disha. T\u00eb plagosurit ndodhen jasht\u00eb rrezikut p\u00ebr jet\u00ebn.<\/p>\n<p>Pas ngjarjes, sh\u00ebrbimet e Policis\u00eb mb\u00ebrrit\u00ebn menj\u00ebher\u00eb n\u00eb vendngjarje, rrethuan zon\u00ebn dhe nis\u00ebn k\u00ebrkimet p\u00ebr kapjen e autorit. N\u00eb ndihm\u00eb t\u00eb Policis\u00eb lokale shkuan edhe forcat operacionale t\u00eb Drejtoris\u00eb Vendore t\u00eb Policis\u00eb Durr\u00ebs.<\/p>\n<p>Pas disa or\u00ebsh, autori \u00ebsht\u00eb vet\u00ebdor\u00ebzuar n\u00eb ambientet e Policis\u00eb.<\/p>\n<p>Grupi hetimor, n\u00ebn drejtimin e Prokuroris\u00eb, vijon hetimet p\u00ebr zbardhjen e plot\u00eb t\u00eb rrethanave dhe dokumentimin ligjor t\u00eb k\u00ebsaj ngjarjeje.<\/p>\n","protected":false},"excerpt":{"rendered":"<p>Vet\u00ebdor\u00ebzohet autori i plagosjes me arm\u00eb zjarri t\u00eb \u00e7iftit t\u00eb komshinjve t\u00eb tij. B\u00ebhet fjal\u00eb p\u00ebr Shp\u00ebtim Osma, i cili q\u00eblloi \u00e7iftin e komshinjve, Sami dhe Nadire Disha, n\u00eb fshatin Gos t\u00eb Kavaj\u00ebs. Ngjarja ndodhi rreth or\u00ebs 10:15 t\u00eb paradites s\u00eb sotme, pas nj\u00eb konflikti p\u00ebr qenin e autorit, i cili sipas burimeve paraprake kishte [&hellip;]<\/p>\n","protected":false},"author":5,"featured_media":52254,"comment_status":"closed","ping_status":"closed","sticky":false,"template":"","format":"standard","meta":{"footnotes":""},"categories":[1,6332,29228],"tags":[36548,36549],"class_list":{"0":"post-88170","1":"post","2":"type-post","3":"status-publish","4":"format-standard","5":"has-post-thumbnail","7":"category-aktualitet","8":"category-te-fundit","9":"category-vendi","10":"tag-emrat-vetedorezohet-autori-i-plagosjes-se-ciftit-te-komshinjve","11":"tag-i-qelloi-pasi"},"_links":{"self":[{"href":"https:\/\/jugulajm.net\/index.php?rest_route=\/wp\/v2\/posts\/88170","targetHints":{"allow":["GET"]}}],"collection":[{"href":"https:\/\/jugulajm.net\/index.php?rest_route=\/wp\/v2\/posts"}],"about":[{"href":"https:\/\/jugulajm.net\/index.php?rest_route=\/wp\/v2\/types\/post"}],"author":[{"embeddable":true,"href":"https:\/\/jugulajm.net\/index.php?rest_route=\/wp\/v2\/users\/5"}],"replies":[{"embeddable":true,"href":"https:\/\/jugulajm.net\/index.php?rest_route=%2Fwp%2Fv2%2Fcomments&post=88170"}],"version-history":[{"count":1,"href":"https:\/\/jugulajm.net\/index.php?rest_route=\/wp\/v2\/posts\/88170\/revisions"}],"predecessor-version":[{"id":88171,"href":"https:\/\/jugulajm.net\/index.php?rest_route=\/wp\/v2\/posts\/88170\/revisions\/88171"}],"wp:featuredmedia":[{"embeddable":true,"href":"https:\/\/jugulajm.net\/index.php?rest_route=\/wp\/v2\/media\/52254"}],"wp:attachment":[{"href":"https:\/\/jugulajm.net\/index.php?rest_route=%2Fwp%2Fv2%2Fmedia&parent=88170"}],"wp:term":[{"taxonomy":"category","embeddable":true,"href":"https:\/\/jugulajm.net\/index.php?rest_route=%2Fwp%2Fv2%2Fcategories&post=88170"},{"taxonomy":"post_tag","embeddable":true,"href":"https:\/\/jugulajm.net\/index.php?rest_route=%2Fwp%2Fv2%2Ftags&post=88170"}],"curies":[{"name":"wp","href":"https:\/\/api.w.org\/{rel}","templated":true}]}}