{"id":88168,"date":"2025-06-06T12:08:33","date_gmt":"2025-06-06T10:08:33","guid":{"rendered":"https:\/\/jugulajm.net\/?p=88168"},"modified":"2025-06-06T12:09:00","modified_gmt":"2025-06-06T10:09:00","slug":"sarande-sherr-mes-te-rinjve-plagoset-me-thike-21-vjecari","status":"publish","type":"post","link":"https:\/\/jugulajm.net\/?p=88168","title":{"rendered":"Sarand\u00eb\/ Sherr mes t\u00eb rinjve, plagoset me thik\u00eb 21-vje\u00e7ari"},"content":{"rendered":"<p>Nj\u00eb ngjarje e r\u00ebnd\u00eb \u00ebsht\u00eb sh\u00ebnuar pak minuta m\u00eb par\u00eb n\u00eb rrug\u00ebn \u201cMitat Hoxha\u201d, n\u00eb vendin e njohur si \u201cEkualipti\u201d, n\u00eb Sarand\u00eb ku nj\u00eb konflikt mes dy personave ka p\u00ebrfunduar me plagosjen e nj\u00eb t\u00eb riu dhe p\u00ebrplasje makinash.<\/p>\n<p>Burime nga vendngjarja b\u00ebjn\u00eb me dije se konflikti \u00ebsht\u00eb shoq\u00ebruar me dhun\u00eb fizike dhe p\u00ebrdorim arm\u00ebsh t\u00eb ftohta.<\/p>\n<p>Si pasoj\u00eb, nj\u00eb automjet ka humbur kontrollin dhe \u00ebsht\u00eb p\u00ebrplasur me nj\u00eb tjet\u00ebr mjet n\u00eb zon\u00eb, duke shkaktuar panik mes qytetar\u00ebve.<\/p>\n<p>I plagosuri \u00ebsht\u00eb identifikuar si D.S., 21 vje\u00e7, me origjin\u00eb nga Tirana.<\/p>\n<p>Ai \u00ebsht\u00eb d\u00ebrguar me urgjenc\u00eb n\u00eb spitalin e Sarand\u00ebs, ku mjek\u00ebt konfirmojn\u00eb se \u00ebsht\u00eb goditur me thik\u00eb n\u00eb parakrah.<\/p>\n<p>Fatmir\u00ebsisht, gjendja e tij sh\u00ebndet\u00ebsore \u00ebsht\u00eb jasht\u00eb rrezikut p\u00ebr jet\u00ebn.<\/p>\n<p>Sipas burimeve spitalore, i riu ka qen\u00eb n\u00eb gjendje t\u00eb dehur dhe nuk ka dh\u00ebn\u00eb shum\u00eb detaje p\u00ebr rrethanat e konfliktit.<\/p>\n<p>N\u00eb vendngjarje ndodhen forca t\u00eb shumta policie, t\u00eb cilat po punojn\u00eb p\u00ebr zbardhjen e plot\u00eb t\u00eb ngjarjes. Hetimet jan\u00eb n\u00eb vijim p\u00ebr t\u00eb identifikuar autorin dhe p\u00ebr t\u00eb p\u00ebrcaktuar motivet q\u00eb \u00e7uan n\u00eb p\u00ebrplasjen fizike.<\/p>\n","protected":false},"excerpt":{"rendered":"<p>Nj\u00eb ngjarje e r\u00ebnd\u00eb \u00ebsht\u00eb sh\u00ebnuar pak minuta m\u00eb par\u00eb n\u00eb rrug\u00ebn \u201cMitat Hoxha\u201d, n\u00eb vendin e njohur si \u201cEkualipti\u201d, n\u00eb Sarand\u00eb ku nj\u00eb konflikt mes dy personave ka p\u00ebrfunduar me plagosjen e nj\u00eb t\u00eb riu dhe p\u00ebrplasje makinash. Burime nga vendngjarja b\u00ebjn\u00eb me dije se konflikti \u00ebsht\u00eb shoq\u00ebruar me dhun\u00eb fizike dhe p\u00ebrdorim arm\u00ebsh [&hellip;]<\/p>\n","protected":false},"author":5,"featured_media":51534,"comment_status":"closed","ping_status":"closed","sticky":false,"template":"","format":"standard","meta":{"footnotes":""},"categories":[1,6332,29228],"tags":[36547,36546],"class_list":{"0":"post-88168","1":"post","2":"type-post","3":"status-publish","4":"format-standard","5":"has-post-thumbnail","7":"category-aktualitet","8":"category-te-fundit","9":"category-vendi","10":"tag-plagoset-me-thike-21-vjecari","11":"tag-sarande-sherr-mes-te-rinjve"},"_links":{"self":[{"href":"https:\/\/jugulajm.net\/index.php?rest_route=\/wp\/v2\/posts\/88168","targetHints":{"allow":["GET"]}}],"collection":[{"href":"https:\/\/jugulajm.net\/index.php?rest_route=\/wp\/v2\/posts"}],"about":[{"href":"https:\/\/jugulajm.net\/index.php?rest_route=\/wp\/v2\/types\/post"}],"author":[{"embeddable":true,"href":"https:\/\/jugulajm.net\/index.php?rest_route=\/wp\/v2\/users\/5"}],"replies":[{"embeddable":true,"href":"https:\/\/jugulajm.net\/index.php?rest_route=%2Fwp%2Fv2%2Fcomments&post=88168"}],"version-history":[{"count":1,"href":"https:\/\/jugulajm.net\/index.php?rest_route=\/wp\/v2\/posts\/88168\/revisions"}],"predecessor-version":[{"id":88169,"href":"https:\/\/jugulajm.net\/index.php?rest_route=\/wp\/v2\/posts\/88168\/revisions\/88169"}],"wp:featuredmedia":[{"embeddable":true,"href":"https:\/\/jugulajm.net\/index.php?rest_route=\/wp\/v2\/media\/51534"}],"wp:attachment":[{"href":"https:\/\/jugulajm.net\/index.php?rest_route=%2Fwp%2Fv2%2Fmedia&parent=88168"}],"wp:term":[{"taxonomy":"category","embeddable":true,"href":"https:\/\/jugulajm.net\/index.php?rest_route=%2Fwp%2Fv2%2Fcategories&post=88168"},{"taxonomy":"post_tag","embeddable":true,"href":"https:\/\/jugulajm.net\/index.php?rest_route=%2Fwp%2Fv2%2Ftags&post=88168"}],"curies":[{"name":"wp","href":"https:\/\/api.w.org\/{rel}","templated":true}]}}