{"id":88125,"date":"2025-06-05T11:25:04","date_gmt":"2025-06-05T09:25:04","guid":{"rendered":"https:\/\/jugulajm.net\/?p=88125"},"modified":"2025-06-05T11:25:04","modified_gmt":"2025-06-05T09:25:04","slug":"foto-policia-e-shtetit-thellon-bashkepunimin-nderkombetar-ne-luften-kunder-krimit-te-organizuar-dhe-atij-nderkufitar","status":"publish","type":"post","link":"https:\/\/jugulajm.net\/?p=88125","title":{"rendered":"FOTO\/ Policia e Shtetit thellon bashk\u00ebpunimin nd\u00ebrkomb\u00ebtar n\u00eb luft\u00ebn kund\u00ebr krimit t\u00eb organizuar dhe atij nd\u00ebrkufitar"},"content":{"rendered":"<p>N\u00eb kuad\u00ebr t\u00eb punimeve t\u00eb Konferenc\u00ebs s\u00eb 52-t\u00eb Rajonale t\u00eb INTERPOL-it, q\u00eb u zhvillua n\u00eb Athin\u00eb, Drejtori i P\u00ebrgjithsh\u00ebm i Policis\u00eb s\u00eb Shtetit, Ilir Proda zhvilloi nj\u00eb s\u00ebr\u00eb takimesh dypal\u00ebshe me drejtues t\u00eb lart\u00eb t\u00eb agjencive ligjzbatuese nd\u00ebrkomb\u00ebtare dhe homolog\u00ebt e tij.<\/p>\n<p>Takimin e par\u00eb tejet miq\u00ebsor Drejtor Proda e zhvilloi me Presidentin e Interpolit, Gjeneral Major Ahmed Naser Al-Raisi.<\/p>\n<p>Proda, Presidentit t\u00eb Interpolit:<\/p>\n<p>\u201cFaleminderit z. President i Interpolit p\u00ebr besimin te Policia e Shtetit, p\u00ebr mb\u00ebshtetjen e madhe dhe suportin tuaj p\u00ebr kapjen dhe ekstradimin e personave n\u00eb k\u00ebrkim nd\u00ebrkomb\u00ebtar, ve\u00e7an\u00ebrisht ata q\u00eb fshiheshin n\u00eb Emiratet e Bashkuara Arabe.<\/p>\n<p>Ju siguroj p\u00ebr vendosm\u00ebrin\u00eb time, t\u00eb Policis\u00eb s\u00eb Shtetit dhe shtetit shqiptar, p\u00ebr t\u00eb thelluar bashk\u00ebpunimin n\u00eb luft\u00ebn kund\u00ebr fenomeneve kriminale globale.<\/p>\n<p>Ju ftoj juve, partner\u00ebt dhe agjencit\u00eb q\u00eb koordinojn\u00eb veprimet policore t\u00eb mb\u00ebshtesni edhe m\u00eb shum\u00eb Policin\u00eb e Shtetit, e cila tashm\u00eb po vepron me profesionaliz\u00ebm dhe n\u00eb nivel t\u00eb barabart\u00eb me policit\u00eb partnere n\u00eb aspekte hetimore dhe operacionale.\u201d<\/p>\n<p>Ahmed Naser Al-Raisi, Prod\u00ebs:<\/p>\n<p>\u201cVler\u00ebsoj pun\u00ebn dhe seriozitetin e Policis\u00eb s\u00eb Shtetit p\u00ebr t\u00eb luftuar krimin e organizuar, si dhe vendosm\u00ebrin\u00eb q\u00eb tregoni p\u00ebr t\u00eb bashk\u00ebpunuar me partner\u00ebt pa barriera, vendosm\u00ebri e cila ka krijuar nj\u00eb klim\u00eb besimi gjithnj\u00eb e n\u00eb rritje p\u00ebr Policin\u00eb e Shtetit. K\u00ebto elemente do t\u00eb ndihmojn\u00eb s\u00eb tep\u00ebrmi n\u00eb vendosjen p\u00ebrpara drejt\u00ebsis\u00eb t\u00eb personave t\u00eb shpallur n\u00eb k\u00ebrkim nd\u00ebrkomb\u00ebtar. Interpoli do t\u00eb vijoj\u00eb t\u00eb mb\u00ebshtes\u00eb Policin\u00eb e Shtetit p\u00ebr t\u00eb punuar bashk\u00ebrisht n\u00eb luft\u00eb kund\u00ebr k\u00ebrc\u00ebnimeve globale\u201d.<\/p>\n<p>Po gjat\u00eb konferenc\u00ebs Drejtori i P\u00ebrgjithsh\u00ebm i Policis\u00eb s\u00eb Shtetit, Drejtues Madhor Ilir Proda takoi Sekretarin e P\u00ebrgjithsh\u00ebm t\u00eb INTERPOL-it, z. Valdecy Urquiza, Drejtorin e P\u00ebrgjithsh\u00ebm t\u00eb Policis\u00eb Komb\u00ebtare Greke, Gjeneral Lejtnant Dimitrios Mallios, Menaxherin e Projektit EU4FAST WB, z. Antonio Montanaro, si dhe p\u00ebrfaq\u00ebsues t\u00eb tjer\u00eb t\u00eb r\u00ebnd\u00ebsish\u00ebm t\u00eb siguris\u00eb publike nd\u00ebrkomb\u00ebtare.<\/p>\n<p>Gjat\u00eb k\u00ebtyre takimeve, Drejtori i P\u00ebrgjithsh\u00ebm Proda theksoi vendosm\u00ebrin\u00eb e Policis\u00eb s\u00eb Shtetit p\u00ebr t\u00eb thelluar bashk\u00ebpunimin dypal\u00ebsh dhe shum\u00ebpal\u00ebsh n\u00eb fushat prioritare t\u00eb siguris\u00eb, p\u00ebrfshir\u00eb:<\/p>\n<p>Luft\u00ebn kund\u00ebr krimit t\u00eb organizuar dhe krimit nd\u00ebrkufitar;<\/p>\n<p>Luft\u00ebn kund\u00ebr krimit kibernetik;<\/p>\n<p>Goditjen e trafikut nd\u00ebrkomb\u00ebtar t\u00eb l\u00ebnd\u00ebve narkotike, me fokus t\u00eb ve\u00e7ant\u00eb rrug\u00ebt nga Amerika Latine;<\/p>\n<p>Kapjen dhe ekstradimin e personave t\u00eb shpallur n\u00eb k\u00ebrkim nd\u00ebrkomb\u00ebtar;<\/p>\n<p>Forcimin e bashk\u00ebpunimit n\u00eb fush\u00ebn e formimit dhe shk\u00ebmbimit t\u00eb ekspertiz\u00ebs policore;<\/p>\n<p>Rritjen e kapaciteteve logjistike dhe profesionale t\u00eb Policis\u00eb s\u00eb Shtetit.<\/p>\n<p>Gjithashtu, Drejtor Proda gjat\u00eb takimeve t\u00eb shumta q\u00eb zhvilloi gjat\u00eb dit\u00ebve t\u00eb konferenc\u00ebs me homolog\u00ebt e tij, ka theksuar se fenomenet kriminale globale k\u00ebrkojn\u00eb medoemos nj\u00eb bashk\u00ebpunim global p\u00ebr t\u2019i luftuar, duke i siguruar q\u00eb Policia e Shtetit \u00ebsht\u00eb e gatshme dhe i ka t\u00eb gjitha kapacitetet burimore dhe profesionale p\u00ebr t\u00eb thelluar akoma m\u00eb tej p\u00ebrfshirjen e saj n\u00eb skuadra t\u00eb p\u00ebrbashk\u00ebta hetimore dhe operacionale me t\u00eb gjith\u00eb partner\u00ebt, p\u00ebr t\u00eb p\u00ebrmbushur me profesionaliz\u00ebm detyrimet q\u00eb burojn\u00eb nga misioni yn\u00eb n\u00eb sh\u00ebrbim t\u00eb qytetar\u00ebve dhe ligjit.<\/p>\n<p><img loading=\"lazy\" loading=\"lazy\" decoding=\"async\" class=\"alignnone size-medium wp-image-978237\" src=\"https:\/\/www.vizionplus.tv\/wp-content\/uploads\/2025\/06\/WhatsApp-Image-2025-06-05-at-9.47.35-AM-601x400.jpeg\" sizes=\"auto, (max-width: 601px) 100vw, 601px\" srcset=\"https:\/\/www.vizionplus.tv\/wp-content\/uploads\/2025\/06\/WhatsApp-Image-2025-06-05-at-9.47.35-AM-601x400.jpeg 601w, https:\/\/www.vizionplus.tv\/wp-content\/uploads\/2025\/06\/WhatsApp-Image-2025-06-05-at-9.47.35-AM-1024x682.jpeg 1024w, https:\/\/www.vizionplus.tv\/wp-content\/uploads\/2025\/06\/WhatsApp-Image-2025-06-05-at-9.47.35-AM-768x511.jpeg 768w, https:\/\/www.vizionplus.tv\/wp-content\/uploads\/2025\/06\/WhatsApp-Image-2025-06-05-at-9.47.35-AM.jpeg 1280w\" alt=\"\" width=\"601\" height=\"400\" \/><\/p>\n<p><img loading=\"lazy\" loading=\"lazy\" decoding=\"async\" class=\"alignnone size-medium wp-image-978238\" src=\"https:\/\/www.vizionplus.tv\/wp-content\/uploads\/2025\/06\/WhatsApp-Image-2025-06-05-at-9.47.36-AM-580x400.jpeg\" sizes=\"auto, (max-width: 580px) 100vw, 580px\" srcset=\"https:\/\/www.vizionplus.tv\/wp-content\/uploads\/2025\/06\/WhatsApp-Image-2025-06-05-at-9.47.36-AM-580x400.jpeg 580w, https:\/\/www.vizionplus.tv\/wp-content\/uploads\/2025\/06\/WhatsApp-Image-2025-06-05-at-9.47.36-AM-1024x706.jpeg 1024w, https:\/\/www.vizionplus.tv\/wp-content\/uploads\/2025\/06\/WhatsApp-Image-2025-06-05-at-9.47.36-AM-768x530.jpeg 768w, https:\/\/www.vizionplus.tv\/wp-content\/uploads\/2025\/06\/WhatsApp-Image-2025-06-05-at-9.47.36-AM.jpeg 1280w\" alt=\"\" width=\"580\" height=\"400\" \/><img loading=\"lazy\" loading=\"lazy\" decoding=\"async\" class=\"alignnone size-medium wp-image-88126\" src=\"https:\/\/jugulajm.net\/wp-content\/uploads\/2025\/06\/G-1024x743.jpg\" alt=\"\" width=\"1024\" height=\"743\" srcset=\"https:\/\/jugulajm.net\/wp-content\/uploads\/2025\/06\/G-1024x743.jpg 1024w, https:\/\/jugulajm.net\/wp-content\/uploads\/2025\/06\/G-768x557.jpg 768w, https:\/\/jugulajm.net\/wp-content\/uploads\/2025\/06\/G-860x624.jpg 860w, https:\/\/jugulajm.net\/wp-content\/uploads\/2025\/06\/G.jpg 1275w\" sizes=\"auto, (max-width: 1024px) 100vw, 1024px\" \/><\/p>\n","protected":false},"excerpt":{"rendered":"<p>N\u00eb kuad\u00ebr t\u00eb punimeve t\u00eb Konferenc\u00ebs s\u00eb 52-t\u00eb Rajonale t\u00eb INTERPOL-it, q\u00eb u zhvillua n\u00eb Athin\u00eb, Drejtori i P\u00ebrgjithsh\u00ebm i Policis\u00eb s\u00eb Shtetit, Ilir Proda zhvilloi nj\u00eb s\u00ebr\u00eb takimesh dypal\u00ebshe me drejtues t\u00eb lart\u00eb t\u00eb agjencive ligjzbatuese nd\u00ebrkomb\u00ebtare dhe homolog\u00ebt e tij. Takimin e par\u00eb tejet miq\u00ebsor Drejtor Proda e zhvilloi me Presidentin e Interpolit, [&hellip;]<\/p>\n","protected":false},"author":5,"featured_media":88127,"comment_status":"closed","ping_status":"closed","sticky":false,"template":"","format":"standard","meta":{"footnotes":""},"categories":[1,6332,29228],"tags":[36529],"class_list":{"0":"post-88125","1":"post","2":"type-post","3":"status-publish","4":"format-standard","5":"has-post-thumbnail","7":"category-aktualitet","8":"category-te-fundit","9":"category-vendi","10":"tag-policia-e-shtetit-thellon-bashkepunimin-nderkombetar-ne-luften-kunder-krimit-te-organizuar-dhe-atij-nderkufitar"},"_links":{"self":[{"href":"https:\/\/jugulajm.net\/index.php?rest_route=\/wp\/v2\/posts\/88125","targetHints":{"allow":["GET"]}}],"collection":[{"href":"https:\/\/jugulajm.net\/index.php?rest_route=\/wp\/v2\/posts"}],"about":[{"href":"https:\/\/jugulajm.net\/index.php?rest_route=\/wp\/v2\/types\/post"}],"author":[{"embeddable":true,"href":"https:\/\/jugulajm.net\/index.php?rest_route=\/wp\/v2\/users\/5"}],"replies":[{"embeddable":true,"href":"https:\/\/jugulajm.net\/index.php?rest_route=%2Fwp%2Fv2%2Fcomments&post=88125"}],"version-history":[{"count":1,"href":"https:\/\/jugulajm.net\/index.php?rest_route=\/wp\/v2\/posts\/88125\/revisions"}],"predecessor-version":[{"id":88128,"href":"https:\/\/jugulajm.net\/index.php?rest_route=\/wp\/v2\/posts\/88125\/revisions\/88128"}],"wp:featuredmedia":[{"embeddable":true,"href":"https:\/\/jugulajm.net\/index.php?rest_route=\/wp\/v2\/media\/88127"}],"wp:attachment":[{"href":"https:\/\/jugulajm.net\/index.php?rest_route=%2Fwp%2Fv2%2Fmedia&parent=88125"}],"wp:term":[{"taxonomy":"category","embeddable":true,"href":"https:\/\/jugulajm.net\/index.php?rest_route=%2Fwp%2Fv2%2Fcategories&post=88125"},{"taxonomy":"post_tag","embeddable":true,"href":"https:\/\/jugulajm.net\/index.php?rest_route=%2Fwp%2Fv2%2Ftags&post=88125"}],"curies":[{"name":"wp","href":"https:\/\/api.w.org\/{rel}","templated":true}]}}