{"id":88034,"date":"2025-06-02T17:27:03","date_gmt":"2025-06-02T15:27:03","guid":{"rendered":"https:\/\/jugulajm.net\/?p=88034"},"modified":"2025-06-02T17:29:28","modified_gmt":"2025-06-02T15:29:28","slug":"kujdes-sinoptikania-paralajmeton-muaji-qershor-do-te","status":"publish","type":"post","link":"https:\/\/jugulajm.net\/?p=88034","title":{"rendered":"KUJDES!! Sinoptikania paralajm\u00ebron: Muaji qershor do t\u00eb&#8230;"},"content":{"rendered":"<p>Qershori ka nisur me val\u00ebn e par\u00eb t\u00eb t\u00eb nxehtit afrikan, meteorologia, Tanja Porja, paralajm\u00ebron nj\u00eb muaj t\u00eb nxeht\u00eb me temperatura t\u00eb larta q\u00eb do t\u00eb arrijn\u00eb deri n\u00eb 35 grad\u00eb.<\/p>\n<p>Sipas saj gjat\u00eb dit\u00ebs s\u00eb sotme temperatura m\u00eb e lart\u00eb 32 grad\u00eb do t\u00eb regjistrohet n\u00eb Elbasan.<\/p>\n<p>\u201cJo vet\u00ebm dita e sotme e gjith\u00eb kjo jav\u00eb dhe java tjet\u00ebr. Ka nisur qershor me val\u00ebn e par\u00eb t\u00eb t\u00eb nxehtit nga Afrika.<\/p>\n<p>Temperatura nga 7-32 gjat\u00eb dit\u00ebs s\u00eb sotme. Diell gjat\u00eb gjith\u00eb dit\u00ebs n\u00eb 95% t\u00eb territorit. Or\u00ebt e nat\u00ebs dhe paraditja t\u00eb kthjell\u00ebta. Termometri sot \u00ebsht\u00eb rritur me 3 grad\u00eb. Kemi 32 grad\u00eb celsius n\u00eb Elbasan\u201d, tha Porja. Meteorologia tha se gjat\u00eb gjith\u00eb muajit qershor do t\u00eb mbizot\u00ebrojn\u00eb temperaturat e larta nga 35-38 grad\u00eb. Qarqet m\u00eb t\u00eb prekura sipas saj do t\u00eb jen\u00eb Elbasani Berat, Fieri dhe Gjirokastra.<\/p>\n<div>\n<div class=\"centered-text-area\">\n<div class=\"centered-text\">\n<div class=\"u23a861484e2638d8d0147ffef73dd360-content\"><span class=\"ctaText\">Lajme t\u00eb tjera |<\/span>\u00a0\u00a0<span class=\"postTitle\">\u00c7\u00ebshtja e detit! Hasani p\u00ebr mediat greke: Shqip\u00ebria mbetet e hapur p\u00ebr nj\u00eb marr\u00ebveshje t\u00eb drejt\u00eb.<\/span><\/div>\n<\/div>\n<\/div>\n<\/div>\n<p>\u201cDo t\u00eb ket\u00eb dit\u00eb me 34-35 grad\u00eb. Deri n\u00eb dat\u00ebn 15 termometri q\u00ebndron n\u00eb grada t\u00eb larta, m\u00ebngjeset sa vijn\u00eb e ngrohen. Qershori do t\u00eb jet\u00eb nj\u00eb muaj i nxeht\u00eb. Pritet q\u00eb qershori t\u00eb kap\u00eb 38 grad\u00eb, por n\u00eb 3 dit\u00eb t\u00eb ndara, po jo dit\u00eb t\u00eb nj\u00ebpasnj\u00ebshme. 38-grad\u00ebshi Fier, Elbasan, Berati, nd\u00ebrsa Gjirokastra me pik\u00ebpyetje. Freskohet pak n\u00eb mes t\u00eb qershorit dhe pastaj kthehen temperaturat e larta\u201d.<\/p>\n<p>Porja paralajm\u00ebron gjithashtu nj\u00eb ver\u00eb t\u00eb that\u00eb dhe me temperatura q\u00eb do t\u00eb kap\u00ebrcejn\u00eb 40- grad\u00ebshin. \u201cKjo ver\u00eb do t\u00eb jet\u00eb shum\u00eb e that\u00eb. Korriku dhe gushti do ta arrijn\u00eb dhe kap\u00ebrcejn\u00eb 40-grad\u00ebshin. Mungojn\u00eb reshjet deri n\u00eb shtator\u201d, tha Porja.<\/p>\n","protected":false},"excerpt":{"rendered":"<p>Qershori ka nisur me val\u00ebn e par\u00eb t\u00eb t\u00eb nxehtit afrikan, meteorologia, Tanja Porja, paralajm\u00ebron nj\u00eb muaj t\u00eb nxeht\u00eb me temperatura t\u00eb larta q\u00eb do t\u00eb arrijn\u00eb deri n\u00eb 35 grad\u00eb. Sipas saj gjat\u00eb dit\u00ebs s\u00eb sotme temperatura m\u00eb e lart\u00eb 32 grad\u00eb do t\u00eb regjistrohet n\u00eb Elbasan. \u201cJo vet\u00ebm dita e sotme e gjith\u00eb [&hellip;]<\/p>\n","protected":false},"author":5,"featured_media":47843,"comment_status":"closed","ping_status":"closed","sticky":false,"template":"","format":"standard","meta":{"footnotes":""},"categories":[7650,6332,29228],"tags":[36481],"class_list":{"0":"post-88034","1":"post","2":"type-post","3":"status-publish","4":"format-standard","5":"has-post-thumbnail","7":"category-moti","8":"category-te-fundit","9":"category-vendi","10":"tag-kujdes-sinoptikania-paralajmeton-muaji-qershor-do-te"},"_links":{"self":[{"href":"https:\/\/jugulajm.net\/index.php?rest_route=\/wp\/v2\/posts\/88034","targetHints":{"allow":["GET"]}}],"collection":[{"href":"https:\/\/jugulajm.net\/index.php?rest_route=\/wp\/v2\/posts"}],"about":[{"href":"https:\/\/jugulajm.net\/index.php?rest_route=\/wp\/v2\/types\/post"}],"author":[{"embeddable":true,"href":"https:\/\/jugulajm.net\/index.php?rest_route=\/wp\/v2\/users\/5"}],"replies":[{"embeddable":true,"href":"https:\/\/jugulajm.net\/index.php?rest_route=%2Fwp%2Fv2%2Fcomments&post=88034"}],"version-history":[{"count":2,"href":"https:\/\/jugulajm.net\/index.php?rest_route=\/wp\/v2\/posts\/88034\/revisions"}],"predecessor-version":[{"id":88036,"href":"https:\/\/jugulajm.net\/index.php?rest_route=\/wp\/v2\/posts\/88034\/revisions\/88036"}],"wp:featuredmedia":[{"embeddable":true,"href":"https:\/\/jugulajm.net\/index.php?rest_route=\/wp\/v2\/media\/47843"}],"wp:attachment":[{"href":"https:\/\/jugulajm.net\/index.php?rest_route=%2Fwp%2Fv2%2Fmedia&parent=88034"}],"wp:term":[{"taxonomy":"category","embeddable":true,"href":"https:\/\/jugulajm.net\/index.php?rest_route=%2Fwp%2Fv2%2Fcategories&post=88034"},{"taxonomy":"post_tag","embeddable":true,"href":"https:\/\/jugulajm.net\/index.php?rest_route=%2Fwp%2Fv2%2Ftags&post=88034"}],"curies":[{"name":"wp","href":"https:\/\/api.w.org\/{rel}","templated":true}]}}