{"id":88030,"date":"2025-06-02T16:35:08","date_gmt":"2025-06-02T14:35:08","guid":{"rendered":"https:\/\/jugulajm.net\/?p=88030"},"modified":"2025-06-02T16:37:02","modified_gmt":"2025-06-02T14:37:02","slug":"besim-dina-nje-ze-dhe-zemer-shqiptare","status":"publish","type":"post","link":"https:\/\/jugulajm.net\/?p=88030","title":{"rendered":"Besim Dina, nj\u00eb z\u00eb dhe zem\u00ebr shqiptare"},"content":{"rendered":"<p><strong>Nga Fejzo Subashi<\/strong><\/p>\n<p>Ka njer\u00ebz q\u00eb jetojn\u00eb mes nesh si heronj t\u00eb heshtur: nuk b\u00ebjn\u00eb zhurm\u00eb, nuk k\u00ebrkojn\u00eb lavdi, nuk ndjekin dritat e kamerave.<\/p>\n<p>Jan\u00eb m\u00ebsues t\u00eb p\u00ebrkushtuar, mjek\u00eb t\u00eb palodhur, prind\u00ebr q\u00eb sakrifikojn\u00eb \u00e7do gj\u00eb p\u00ebr f\u00ebmij\u00ebt, qytetar\u00eb q\u00eb b\u00ebjn\u00eb t\u00eb mir\u00ebn pa e shpallur.<\/p>\n<p>Nj\u00eb nga k\u00ebta heronj \u00ebsht\u00eb: Aktori, humoristi, shkrimtari, producenti dhe moderator Besim Dina.<\/p>\n<p>Ai me performanc\u00ebn, statur\u00ebn, profesionalizmin dhe p\u00ebrkushtimin e tij nd\u00ebr vite, meriton jo thjesht nj\u00eb vler\u00ebsim, por nj\u00eb nderim t\u00eb lart\u00eb nj\u00eb titull q\u00eb i shkon p\u00ebr shtat, njer\u00ebzve q\u00eb b\u00ebjn\u00eb krenar \u00e7do shqiptar dhe Shqip\u00ebrin\u00eb.<\/p>\n<p>Titulli, &#8220;Nderi i Kombit Shqiptar\u201d, p\u00ebr Besim Dina do t\u00eb ishte nj\u00eb vler\u00ebsim p\u00ebr \u00e7do Shqiptar, jo vet\u00ebm p\u00ebr ata q\u00eb e kan\u00eb n\u00eb dor\u00eb dh\u00ebnin e k\u00ebtij titulli p\u00ebr njer\u00ebz t\u00eb shquar. Fatkeq\u00ebsisht ne, shqiptar\u00ebt, kemi nj\u00eb ves t\u00eb vjet\u00ebr: fjal\u00ebt e mira i themi vet\u00ebm kur dikush nuk ekziston. Besim Dina \u00ebsht\u00eb nj\u00eb em\u00ebr q\u00eb shkruhet me dinjitet n\u00eb historin\u00eb moderne t\u00eb artit dhe kultur\u00ebs shqiptare.<\/p>\n<p>Ne megjith\u00ebse jetojm\u00eb n\u00eb shekullin e nj\u00ebzet e dy, nuk kemi m\u00ebsuar t\u00eb vler\u00ebsojm\u00eb n\u00eb koh\u00eb, por kemi m\u00ebsuar t\u00eb fal\u00ebnderojm\u00eb n\u00eb t\u00eb gjall\u00eb, t\u00eb themi &#8220;t\u00eb lumt\u00eb&#8221;, &#8220;je shembull&#8221;, &#8220;na frym\u00ebzon&#8221;.<\/p>\n<p>Arsyeja mendoj se; ndoshta nga frika se po e ngrit\u00ebm tjetrin, po ulim veten. Ndoshta nga xhelozia, nga ngurrimi p\u00ebr t\u00eb pranuar se dikush tjet\u00ebr mund t\u00eb jet\u00eb m\u00eb i mir\u00eb. Por kjo heshtje \u00ebsht\u00eb nj\u00eb padrejt\u00ebsi q\u00eb r\u00ebndon mbi ata q\u00eb japin shpirtin p\u00ebr t\u00eb tjer\u00ebt, e m\u00eb pas kalben n\u00eb varr pa e d\u00ebgjuar kurr\u00eb nj\u00eb fjal\u00eb mir\u00ebnjohjeje.<br \/>\nBesim Dina \u00ebsht\u00eb shum\u00eb m\u00eb tep\u00ebr se nj\u00eb figur\u00eb publike. Ai nuk \u00ebsht\u00eb vet\u00ebm nj\u00eb artist, moderator brilant apo nj\u00eb p\u00ebrfaq\u00ebsues dinjitoz i Gjakov\u00ebs s\u00eb krenaris\u00eb, por mish\u00ebrimi i nj\u00eb shqiptarie t\u00eb past\u00ebr, t\u00eb p\u00ebrkushtuar, me shpirt t\u00eb gjer\u00eb dhe me z\u00eb q\u00eb ngjall frym\u00ebzim.<\/p>\n<p>Ai \u00ebsht\u00eb nj\u00eb xhins shqiptar n\u00eb kuptimin m\u00eb t\u00eb thell\u00eb t\u00eb fjal\u00ebs.<\/p>\n<p>Ai \u00ebsht\u00eb nj\u00eb trash\u00ebgimtar i denj\u00eb i kultur\u00ebs son\u00eb dhe nj\u00eb ur\u00eb e gjall\u00eb mes brezave.<\/p>\n<p>Ai \u00ebsht\u00eb nj\u00eb z\u00eb i Kombit n\u00eb t\u00eb kat\u00ebr an\u00ebt e Bot\u00ebs me pun\u00ebn dhe vepr\u00ebn e tij.<\/p>\n<p>N\u00eb nj\u00eb koh\u00eb ku shpesh shohim mediokritetin t\u00eb z\u00ebri vendin e merit\u00ebs, ai vazhdon t\u00eb jet\u00eb nj\u00eb simbol i autenticitetit, i humorit t\u00eb zgjuar dhe i dashuris\u00eb p\u00ebr publikun.<\/p>\n<p>Ai n\u00eb l\u00ebvrimin e gjinis\u00eb s\u00eb humorit nd\u00ebr vite, me loj\u00ebn dhe interpretimin e tij brilant dhe t\u00eb arrir\u00eb artistikisht, nuk na ka b\u00ebr\u00eb thjesht\u00eb t\u00eb qeshim, te relaksohemi, apo t\u00eb kalojm\u00eb pak koh\u00ebn, por ka ditur t\u00eb godas dhe t\u00eb shpreh\u00eb mjesht\u00ebrisht, vuajtjet, shqet\u00ebsimet, situat\u00ebn e qytetarit dhe Kosov\u00ebs, p\u00ebrball\u00eb padrejt\u00ebsis\u00eb shekullore.<\/p>\n<p>Interpretimi dhe z\u00ebri i tij ka qen\u00eb nj\u00eb q\u00ebndrim i barabart\u00eb, bile dhe m\u00eb ther\u00ebs, sesa plumbi i pushk\u00ebs s\u00eb luft\u00ebtarit t\u00eb Kosov\u00ebs p\u00ebr liri dhe pavar\u00ebsi.<\/p>\n<p>Sot me prezenc\u00ebn dhe pun\u00ebn e tij si artist dhe moderator \u00ebsht\u00eb oponenti dhe z\u00ebri i s\u00eb v\u00ebrtet\u00ebs p\u00ebr at\u00eb q\u00eb jemi, q\u00eb duhet t\u00eb b\u00ebj\u00eb si qytetari, pushtetari dhe shtetari p\u00ebr vete dhe vendin. Krenar p\u00ebr Besim Dina.<\/p>\n<p>Krenar q\u00eb ky em\u00ebr shkruhet me dinjitet n\u00eb historin\u00eb moderne t\u00eb artit dhe kultur\u00ebs shqiptare. Krenar p\u00ebr k\u00ebt\u00eb z\u00eb t\u00eb fuqish\u00ebm t\u00eb Kombit ton\u00eb.<\/p>\n","protected":false},"excerpt":{"rendered":"<p>Nga Fejzo Subashi Ka njer\u00ebz q\u00eb jetojn\u00eb mes nesh si heronj t\u00eb heshtur: nuk b\u00ebjn\u00eb zhurm\u00eb, nuk k\u00ebrkojn\u00eb lavdi, nuk ndjekin dritat e kamerave. Jan\u00eb m\u00ebsues t\u00eb p\u00ebrkushtuar, mjek\u00eb t\u00eb palodhur, prind\u00ebr q\u00eb sakrifikojn\u00eb \u00e7do gj\u00eb p\u00ebr f\u00ebmij\u00ebt, qytetar\u00eb q\u00eb b\u00ebjn\u00eb t\u00eb mir\u00ebn pa e shpallur. Nj\u00eb nga k\u00ebta heronj \u00ebsht\u00eb: Aktori, humoristi, shkrimtari, producenti [&hellip;]<\/p>\n","protected":false},"author":5,"featured_media":88031,"comment_status":"closed","ping_status":"closed","sticky":false,"template":"","format":"standard","meta":{"footnotes":""},"categories":[34865,27451,6332],"tags":[36479,36480],"class_list":{"0":"post-88030","1":"post","2":"type-post","3":"status-publish","4":"format-standard","5":"has-post-thumbnail","7":"category-analiza","8":"category-kosova","9":"category-te-fundit","10":"tag-besim-dina","11":"tag-nje-ze-dhe-zemer-shqiptare"},"_links":{"self":[{"href":"https:\/\/jugulajm.net\/index.php?rest_route=\/wp\/v2\/posts\/88030","targetHints":{"allow":["GET"]}}],"collection":[{"href":"https:\/\/jugulajm.net\/index.php?rest_route=\/wp\/v2\/posts"}],"about":[{"href":"https:\/\/jugulajm.net\/index.php?rest_route=\/wp\/v2\/types\/post"}],"author":[{"embeddable":true,"href":"https:\/\/jugulajm.net\/index.php?rest_route=\/wp\/v2\/users\/5"}],"replies":[{"embeddable":true,"href":"https:\/\/jugulajm.net\/index.php?rest_route=%2Fwp%2Fv2%2Fcomments&post=88030"}],"version-history":[{"count":2,"href":"https:\/\/jugulajm.net\/index.php?rest_route=\/wp\/v2\/posts\/88030\/revisions"}],"predecessor-version":[{"id":88033,"href":"https:\/\/jugulajm.net\/index.php?rest_route=\/wp\/v2\/posts\/88030\/revisions\/88033"}],"wp:featuredmedia":[{"embeddable":true,"href":"https:\/\/jugulajm.net\/index.php?rest_route=\/wp\/v2\/media\/88031"}],"wp:attachment":[{"href":"https:\/\/jugulajm.net\/index.php?rest_route=%2Fwp%2Fv2%2Fmedia&parent=88030"}],"wp:term":[{"taxonomy":"category","embeddable":true,"href":"https:\/\/jugulajm.net\/index.php?rest_route=%2Fwp%2Fv2%2Fcategories&post=88030"},{"taxonomy":"post_tag","embeddable":true,"href":"https:\/\/jugulajm.net\/index.php?rest_route=%2Fwp%2Fv2%2Ftags&post=88030"}],"curies":[{"name":"wp","href":"https:\/\/api.w.org\/{rel}","templated":true}]}}