{"id":87997,"date":"2025-06-01T19:39:29","date_gmt":"2025-06-01T17:39:29","guid":{"rendered":"https:\/\/jugulajm.net\/?p=87997"},"modified":"2025-06-01T19:39:29","modified_gmt":"2025-06-01T17:39:29","slug":"qellohet-me-arme-zjarri-ndaj-nje-15-vjecari-ne-nje-piceri","status":"publish","type":"post","link":"https:\/\/jugulajm.net\/?p=87997","title":{"rendered":"Q\u00ebllohet me arm\u00eb zjarri ndaj nj\u00eb 15-vje\u00e7ari n\u00eb nj\u00eb piceri"},"content":{"rendered":"<p>Nj\u00eb person rreth 15 vje\u00e7 u q\u00ebllua me arm\u00eb zjarri pasditen e sotme n\u00eb Tiran\u00eb. Ngjarja ndodhi tek lagja Ali Demi, n\u00eb nj\u00eb piceri.<\/p>\n<p>\u201cRreth or\u00ebs 17:10, \u00ebsht\u00eb paraqitur p\u00ebr ndihm\u00eb mjek\u00ebsore n\u00eb spital nj\u00eb shtetas i mitur 15 vje\u00e7, pasi dyshohet se gjat\u00eb nj\u00eb konflikti p\u00ebr motive t\u00eb dob\u00ebta, n\u00eb nj\u00eb piceri tek Ali Demi, \u00ebsht\u00eb plagosur me arm\u00eb zjarri. Aktualisht 15-vje\u00e7ari ndodhet n\u00eb spital, jasht\u00eb rrezikut p\u00ebr jet\u00ebn.<\/p>\n<p>Sh\u00ebrbimet e Policis\u00eb s\u00ebbashku me grupin hetimor kan\u00eb shkuar menjeher\u00eb n\u00eb vendngjarje dhe kan\u00eb b\u00ebr\u00eb t\u00eb mundur identifikimin e autorit t\u00eb dyshuar i cili p\u00ebr arsye se hetimi vijon nuk b\u00ebhet i ditur identiteti i tij\u201d, njoftoi policia e Tiran\u00ebs.<\/p>\n","protected":false},"excerpt":{"rendered":"<p>Nj\u00eb person rreth 15 vje\u00e7 u q\u00ebllua me arm\u00eb zjarri pasditen e sotme n\u00eb Tiran\u00eb. Ngjarja ndodhi tek lagja Ali Demi, n\u00eb nj\u00eb piceri. \u201cRreth or\u00ebs 17:10, \u00ebsht\u00eb paraqitur p\u00ebr ndihm\u00eb mjek\u00ebsore n\u00eb spital nj\u00eb shtetas i mitur 15 vje\u00e7, pasi dyshohet se gjat\u00eb nj\u00eb konflikti p\u00ebr motive t\u00eb dob\u00ebta, n\u00eb nj\u00eb piceri tek Ali [&hellip;]<\/p>\n","protected":false},"author":5,"featured_media":58339,"comment_status":"closed","ping_status":"closed","sticky":false,"template":"","format":"standard","meta":{"footnotes":""},"categories":[1,6332,29228],"tags":[36467],"class_list":{"0":"post-87997","1":"post","2":"type-post","3":"status-publish","4":"format-standard","5":"has-post-thumbnail","7":"category-aktualitet","8":"category-te-fundit","9":"category-vendi","10":"tag-qellohet-me-arme-zjarri-ndaj-nje-15-vjecar-ne-nje-piceri"},"_links":{"self":[{"href":"https:\/\/jugulajm.net\/index.php?rest_route=\/wp\/v2\/posts\/87997","targetHints":{"allow":["GET"]}}],"collection":[{"href":"https:\/\/jugulajm.net\/index.php?rest_route=\/wp\/v2\/posts"}],"about":[{"href":"https:\/\/jugulajm.net\/index.php?rest_route=\/wp\/v2\/types\/post"}],"author":[{"embeddable":true,"href":"https:\/\/jugulajm.net\/index.php?rest_route=\/wp\/v2\/users\/5"}],"replies":[{"embeddable":true,"href":"https:\/\/jugulajm.net\/index.php?rest_route=%2Fwp%2Fv2%2Fcomments&post=87997"}],"version-history":[{"count":1,"href":"https:\/\/jugulajm.net\/index.php?rest_route=\/wp\/v2\/posts\/87997\/revisions"}],"predecessor-version":[{"id":87998,"href":"https:\/\/jugulajm.net\/index.php?rest_route=\/wp\/v2\/posts\/87997\/revisions\/87998"}],"wp:featuredmedia":[{"embeddable":true,"href":"https:\/\/jugulajm.net\/index.php?rest_route=\/wp\/v2\/media\/58339"}],"wp:attachment":[{"href":"https:\/\/jugulajm.net\/index.php?rest_route=%2Fwp%2Fv2%2Fmedia&parent=87997"}],"wp:term":[{"taxonomy":"category","embeddable":true,"href":"https:\/\/jugulajm.net\/index.php?rest_route=%2Fwp%2Fv2%2Fcategories&post=87997"},{"taxonomy":"post_tag","embeddable":true,"href":"https:\/\/jugulajm.net\/index.php?rest_route=%2Fwp%2Fv2%2Ftags&post=87997"}],"curies":[{"name":"wp","href":"https:\/\/api.w.org\/{rel}","templated":true}]}}