{"id":87993,"date":"2025-06-01T14:35:28","date_gmt":"2025-06-01T12:35:28","guid":{"rendered":"https:\/\/jugulajm.net\/?p=87993"},"modified":"2025-06-01T14:35:28","modified_gmt":"2025-06-01T12:35:28","slug":"aksident-motori-perplaset-me-shtyllen-1-i-vdekur-dhe-1-i-plagosur-rende","status":"publish","type":"post","link":"https:\/\/jugulajm.net\/?p=87993","title":{"rendered":"Aksident\/ Motori p\u00ebrplaset me shtyll\u00ebn, 1 i vdekur dhe 1 i plagosur r\u00ebnd\u00eb"},"content":{"rendered":"<p>Nj\u00eb aksident i r\u00ebnd\u00eb me pasoj\u00eb vdekje ka ndodhur sot rreth or\u00ebs 13:35 n\u00eb rrug\u00ebn nacionale Vlor\u00eb\u2013Fier, pran\u00eb nj\u00eb karburanti n\u00eb af\u00ebrsi t\u00eb zon\u00ebs \u2018ELDA\u2019.<\/p>\n<p>Raportohet se nj\u00eb motomjet tip \u201cPiaggio\u201d ka humbur kontrollin dhe ka dal\u00eb nga rruga, duke u p\u00ebrplasur fillimisht me nj\u00eb shtyll\u00eb elektrike dhe m\u00eb pas me nj\u00eb shtyll\u00eb tjet\u00ebr prej druri.<\/p>\n<p>Si pasoj\u00eb e p\u00ebrplasjes s\u00eb fort\u00eb, dy persona q\u00eb ndodheshin n\u00eb mjet kan\u00eb mbetur t\u00eb d\u00ebmtuar r\u00ebnd\u00eb.<\/p>\n<p>T\u00eb dy jan\u00eb transportuar me urgjenc\u00eb n\u00eb Spitalin Rajonal t\u00eb Vlor\u00ebs. Fatkeq\u00ebsisht, nj\u00ebri prej tyre ka nd\u00ebrruar jet\u00eb p\u00ebr shkak t\u00eb plag\u00ebve t\u00eb marra, nd\u00ebrsa tjetri ndodhet n\u00eb gjendje kritike p\u00ebr jet\u00ebn.<\/p>\n<p>Identiteti i viktim\u00ebs dhe i t\u00eb plagosurit ende nuk \u00ebsht\u00eb b\u00ebr\u00eb i ditur nga autoritetet. Policia ndodhet n\u00eb vendngjarje dhe ka nisur hetimet p\u00ebr t\u00eb p\u00ebrcaktuar shkaqet e sakta t\u00eb aksidentit.<\/p>\n","protected":false},"excerpt":{"rendered":"<p>Nj\u00eb aksident i r\u00ebnd\u00eb me pasoj\u00eb vdekje ka ndodhur sot rreth or\u00ebs 13:35 n\u00eb rrug\u00ebn nacionale Vlor\u00eb\u2013Fier, pran\u00eb nj\u00eb karburanti n\u00eb af\u00ebrsi t\u00eb zon\u00ebs \u2018ELDA\u2019. Raportohet se nj\u00eb motomjet tip \u201cPiaggio\u201d ka humbur kontrollin dhe ka dal\u00eb nga rruga, duke u p\u00ebrplasur fillimisht me nj\u00eb shtyll\u00eb elektrike dhe m\u00eb pas me nj\u00eb shtyll\u00eb tjet\u00ebr prej [&hellip;]<\/p>\n","protected":false},"author":5,"featured_media":52043,"comment_status":"closed","ping_status":"closed","sticky":false,"template":"","format":"standard","meta":{"footnotes":""},"categories":[1,6332,29228],"tags":[36465,36464],"class_list":{"0":"post-87993","1":"post","2":"type-post","3":"status-publish","4":"format-standard","5":"has-post-thumbnail","7":"category-aktualitet","8":"category-te-fundit","9":"category-vendi","10":"tag-1-i-vdekur-dhe-1-i-plagosur-rende","11":"tag-aksident-motori-perplaset-me-shtyllen"},"_links":{"self":[{"href":"https:\/\/jugulajm.net\/index.php?rest_route=\/wp\/v2\/posts\/87993","targetHints":{"allow":["GET"]}}],"collection":[{"href":"https:\/\/jugulajm.net\/index.php?rest_route=\/wp\/v2\/posts"}],"about":[{"href":"https:\/\/jugulajm.net\/index.php?rest_route=\/wp\/v2\/types\/post"}],"author":[{"embeddable":true,"href":"https:\/\/jugulajm.net\/index.php?rest_route=\/wp\/v2\/users\/5"}],"replies":[{"embeddable":true,"href":"https:\/\/jugulajm.net\/index.php?rest_route=%2Fwp%2Fv2%2Fcomments&post=87993"}],"version-history":[{"count":1,"href":"https:\/\/jugulajm.net\/index.php?rest_route=\/wp\/v2\/posts\/87993\/revisions"}],"predecessor-version":[{"id":87994,"href":"https:\/\/jugulajm.net\/index.php?rest_route=\/wp\/v2\/posts\/87993\/revisions\/87994"}],"wp:featuredmedia":[{"embeddable":true,"href":"https:\/\/jugulajm.net\/index.php?rest_route=\/wp\/v2\/media\/52043"}],"wp:attachment":[{"href":"https:\/\/jugulajm.net\/index.php?rest_route=%2Fwp%2Fv2%2Fmedia&parent=87993"}],"wp:term":[{"taxonomy":"category","embeddable":true,"href":"https:\/\/jugulajm.net\/index.php?rest_route=%2Fwp%2Fv2%2Fcategories&post=87993"},{"taxonomy":"post_tag","embeddable":true,"href":"https:\/\/jugulajm.net\/index.php?rest_route=%2Fwp%2Fv2%2Ftags&post=87993"}],"curies":[{"name":"wp","href":"https:\/\/api.w.org\/{rel}","templated":true}]}}