{"id":87980,"date":"2025-06-01T09:23:01","date_gmt":"2025-06-01T07:23:01","guid":{"rendered":"https:\/\/jugulajm.net\/?p=87980"},"modified":"2025-06-01T09:23:27","modified_gmt":"2025-06-01T07:23:27","slug":"emri-57-vjecari-vritet-ne-hyrje-te-baneses-se-tij","status":"publish","type":"post","link":"https:\/\/jugulajm.net\/?p=87980","title":{"rendered":"EMRI\/ 57-vje\u00e7ari vritet n\u00eb hyrje t\u00eb banes\u00ebs s\u00eb tij"},"content":{"rendered":"<p>Nj\u00eb 57-vje\u00e7ar \u00ebsht\u00eb gjetur i vrar\u00eb n\u00eb or\u00ebt e para t\u00eb m\u00ebngjesit n\u00eb oborrin e banes\u00ebs s\u00eb tij n\u00eb fshatin Tale t\u00eb Lezh\u00ebs.<\/p>\n<p>Viktima, Pjet\u00ebr Kaza, \u00ebsht\u00eb zbuluar pa shenja jete rreth or\u00ebs 05:00 nga bashk\u00ebshortja, nd\u00ebrsa dyshohet se \u00ebsht\u00eb q\u00eblluar me arm\u00eb zjarri me silenciator, pasi nuk \u00ebsht\u00eb d\u00ebgjuar asnj\u00eb zhurm\u00eb gjat\u00eb nat\u00ebs.<\/p>\n<p>Pjet\u00ebr Kaza punonte n\u00eb minier\u00ebn e Spa\u00e7it dhe sipas t\u00eb dh\u00ebnave, ishte kthyer n\u00eb banes\u00eb rreth or\u00ebs 01:00 pas mesnate.<\/p>\n","protected":false},"excerpt":{"rendered":"<p>Nj\u00eb 57-vje\u00e7ar \u00ebsht\u00eb gjetur i vrar\u00eb n\u00eb or\u00ebt e para t\u00eb m\u00ebngjesit n\u00eb oborrin e banes\u00ebs s\u00eb tij n\u00eb fshatin Tale t\u00eb Lezh\u00ebs. Viktima, Pjet\u00ebr Kaza, \u00ebsht\u00eb zbuluar pa shenja jete rreth or\u00ebs 05:00 nga bashk\u00ebshortja, nd\u00ebrsa dyshohet se \u00ebsht\u00eb q\u00eblluar me arm\u00eb zjarri me silenciator, pasi nuk \u00ebsht\u00eb d\u00ebgjuar asnj\u00eb zhurm\u00eb gjat\u00eb nat\u00ebs. Pjet\u00ebr [&hellip;]<\/p>\n","protected":false},"author":5,"featured_media":58339,"comment_status":"closed","ping_status":"closed","sticky":false,"template":"","format":"standard","meta":{"footnotes":""},"categories":[1,6332,29228],"tags":[36459],"class_list":{"0":"post-87980","1":"post","2":"type-post","3":"status-publish","4":"format-standard","5":"has-post-thumbnail","7":"category-aktualitet","8":"category-te-fundit","9":"category-vendi","10":"tag-emri-57-vjecari-vritet-ne-hyrje-te-baneses-se-tij"},"_links":{"self":[{"href":"https:\/\/jugulajm.net\/index.php?rest_route=\/wp\/v2\/posts\/87980","targetHints":{"allow":["GET"]}}],"collection":[{"href":"https:\/\/jugulajm.net\/index.php?rest_route=\/wp\/v2\/posts"}],"about":[{"href":"https:\/\/jugulajm.net\/index.php?rest_route=\/wp\/v2\/types\/post"}],"author":[{"embeddable":true,"href":"https:\/\/jugulajm.net\/index.php?rest_route=\/wp\/v2\/users\/5"}],"replies":[{"embeddable":true,"href":"https:\/\/jugulajm.net\/index.php?rest_route=%2Fwp%2Fv2%2Fcomments&post=87980"}],"version-history":[{"count":2,"href":"https:\/\/jugulajm.net\/index.php?rest_route=\/wp\/v2\/posts\/87980\/revisions"}],"predecessor-version":[{"id":87982,"href":"https:\/\/jugulajm.net\/index.php?rest_route=\/wp\/v2\/posts\/87980\/revisions\/87982"}],"wp:featuredmedia":[{"embeddable":true,"href":"https:\/\/jugulajm.net\/index.php?rest_route=\/wp\/v2\/media\/58339"}],"wp:attachment":[{"href":"https:\/\/jugulajm.net\/index.php?rest_route=%2Fwp%2Fv2%2Fmedia&parent=87980"}],"wp:term":[{"taxonomy":"category","embeddable":true,"href":"https:\/\/jugulajm.net\/index.php?rest_route=%2Fwp%2Fv2%2Fcategories&post=87980"},{"taxonomy":"post_tag","embeddable":true,"href":"https:\/\/jugulajm.net\/index.php?rest_route=%2Fwp%2Fv2%2Ftags&post=87980"}],"curies":[{"name":"wp","href":"https:\/\/api.w.org\/{rel}","templated":true}]}}