{"id":87958,"date":"2025-05-31T11:46:23","date_gmt":"2025-05-31T09:46:23","guid":{"rendered":"https:\/\/jugulajm.net\/?p=87958"},"modified":"2025-05-31T11:48:07","modified_gmt":"2025-05-31T09:48:07","slug":"amp-arreston-2-police-dhe-pezullon-1-tjeter-akuzohen-per-dehje-ne-timon-shkaktim-aksidenti-dhe-dhune","status":"publish","type":"post","link":"https:\/\/jugulajm.net\/?p=87958","title":{"rendered":"AMP arreston 1 shef, 1 polic dhe pezullon 1 tjet\u00ebr, akuzohen p\u00ebr dehje n\u00eb timon, shkaktim aksidenti dhe dhun\u00eb&#8230;"},"content":{"rendered":"<p>AMP Agjencia e Mbik\u00ebqyrjes Policore arrestoi n\u00eb flagranc\u00eb shtetasin A. H., 57 vje\u00e7, me detyr\u00eb Shef i Zyr\u00ebs s\u00eb Inspektim-Parandalimit, n\u00eb Drejtorin\u00eb e Sh\u00ebrbimit t\u00eb MZSH-s\u00eb n\u00eb Bashkin\u00eb Kor\u00e7\u00eb, i dyshuar p\u00ebr \u201cDrejtim i automjetit n\u00eb m\u00ebnyr\u00eb t\u00eb parregullt\u201d dhe \u201cLargimi nga vendi i aksidentit\u201d.<\/p>\n<p>Arrestimi i tij u krye pasi duke drejtuar automjetin Volkswagen Pasat n\u00eb unaz\u00ebn e qytetit t\u00eb Kor\u00e7\u00ebs, ai \u00ebsht\u00eb p\u00ebrplasur me mjetin Mercedes Benz q\u00eb drejtohej nga shtetasi J. S. dhe m\u00eb pas \u00ebsht\u00eb larguar nga vendngjarja. Nga aksidenti ka patur vet\u00ebm d\u00ebme materiale.<\/p>\n<p>Pas testimit t\u00eb b\u00ebr\u00eb me aparatin Drager ai rezultoi mbi norm\u00ebn e lejuar, n\u00eb mas\u00ebn 1.07 mg\/l.<\/p>\n<p>Materialet procedurale jan\u00eb referuar n\u00eb Prokurorin\u00eb pran\u00eb Gjykat\u00ebs s\u00eb Shkall\u00ebs s\u00eb Par\u00eb t\u00eb Juridiksionit t\u00eb P\u00ebrgjithsh\u00ebm Kor\u00e7\u00eb.<\/p>\n<p>Po ashtu, Agjencia e Mbik\u00ebqyrjes Policore (Rajoni Elbasan Kor\u00e7\u00eb) ka ekzekutuar vendimin e Gjykat\u00ebs s\u00eb Shkall\u00ebs s\u00eb Par\u00eb t\u00eb Juridiksionit t\u00eb P\u00ebrgjithsh\u00ebm Elbasan, e cila ka caktuar mas\u00ebn e sigurimit personal me karakter ndalues \u201cPezullimi i ushtrimit t\u00eb nj\u00eb detyre a sh\u00ebrbimi publik\u201d ndaj punonj\u00ebsit t\u00eb policis\u00eb Inspektor B. T., 54 vje\u00e7, me detyr\u00eb Trup Sh\u00ebrbimi pran\u00eb Komisariatit t\u00eb Qarkullimit Rrugor n\u00eb Elbasan, i dyshuar p\u00ebr kryerjen e vepr\u00ebs penale \u201cShp\u00ebrdorimi i detyr\u00ebs\u201d.<\/p>\n<p>Masa e siguris\u00eb u caktua n\u00eb kuad\u00ebr t\u00eb procedimit penal t\u00eb vitit 2024, ku nga veprimet hetimore t\u00eb thelluara n\u00ebn drejtimin e Prokuroris\u00eb u b\u00eb e mundur grumbullimi i provave dhe fakteve q\u00eb krijojn\u00eb dyshimin e arsyesh\u00ebm se punonj\u00ebsi i policis\u00eb B. T. ka favorizuar drejtues t\u00eb ndrysh\u00ebm automjetesh, t\u00eb cil\u00ebt kryenin shkelje t\u00eb rregullave t\u00eb qarkullimit rrugor.<\/p>\n<p>Nd\u00ebrkoh\u00eb Agjencia e Mbik\u00ebqyrjes Policore (Rajoni Tiran\u00eb) ka arrestuar n\u00eb flagranc\u00eb punonj\u00ebsin e policis\u00eb Inspektor B. M., 24 vje\u00e7, me detyr\u00eb Oficer i Patrull\u00ebs s\u00eb P\u00ebrgjithshme n\u00eb Komisariatin e Policis\u00eb Nr. 4 n\u00eb Tiran\u00eb, i dyshuar p\u00ebr kryerjen e veprave penale \u201cP\u00ebrndjekja\u201d dhe \u201cD\u00ebmtime t\u00eb tjera me dashje\u201d.<\/p>\n<p>Arrestimi i tij u krye pas kall\u00ebzimit t\u00eb shtetases M.H., 27 vje\u00e7e, e cila ka deklaruar se B. M., ish i dashuri i saj, m\u00eb dat\u00eb 25 maj 2025 ka ushtruar dhun\u00eb fizike dhe e ka p\u00ebrndjekur vazhdimisht duke i shkaktuar pasiguri n\u00eb jet\u00ebn e saj.<\/p>\n<p>Materialet procedurale u referuan n\u00eb Prokurorin\u00eb pran\u00eb Gjykat\u00ebs s\u00eb Shkall\u00ebs s\u00eb Par\u00eb t\u00eb Juridiksionit t\u00eb P\u00ebrgjithsh\u00ebm Tiran\u00eb.<\/p>\n<p>AMP shpreh p\u00ebrkushtimin n\u00eb misionin e saj p\u00ebr garantimin e zbatimit t\u00eb ligjit dhe fton qytetar\u00ebt t\u00eb denoncojn\u00eb \u00e7do rast t\u00eb abuzimit apo shkeljes s\u00eb ligjit nga ana e punonj\u00ebsve t\u00eb strukturave.<\/p>\n","protected":false},"excerpt":{"rendered":"<p>AMP Agjencia e Mbik\u00ebqyrjes Policore arrestoi n\u00eb flagranc\u00eb shtetasin A. H., 57 vje\u00e7, me detyr\u00eb Shef i Zyr\u00ebs s\u00eb Inspektim-Parandalimit, n\u00eb Drejtorin\u00eb e Sh\u00ebrbimit t\u00eb MZSH-s\u00eb n\u00eb Bashkin\u00eb Kor\u00e7\u00eb, i dyshuar p\u00ebr \u201cDrejtim i automjetit n\u00eb m\u00ebnyr\u00eb t\u00eb parregullt\u201d dhe \u201cLargimi nga vendi i aksidentit\u201d. Arrestimi i tij u krye pasi duke drejtuar automjetin Volkswagen [&hellip;]<\/p>\n","protected":false},"author":5,"featured_media":83748,"comment_status":"closed","ping_status":"closed","sticky":false,"template":"","format":"standard","meta":{"footnotes":""},"categories":[1,6332,29228],"tags":[36448,36447,36449],"class_list":{"0":"post-87958","1":"post","2":"type-post","3":"status-publish","4":"format-standard","5":"has-post-thumbnail","7":"category-aktualitet","8":"category-te-fundit","9":"category-vendi","10":"tag-akuzohen-per-dehje-ne-timon","11":"tag-amp-arreston-2-police-dhe-pezullon-1-tjeter","12":"tag-shkaktim-aksidenti-dhe-dhune"},"_links":{"self":[{"href":"https:\/\/jugulajm.net\/index.php?rest_route=\/wp\/v2\/posts\/87958","targetHints":{"allow":["GET"]}}],"collection":[{"href":"https:\/\/jugulajm.net\/index.php?rest_route=\/wp\/v2\/posts"}],"about":[{"href":"https:\/\/jugulajm.net\/index.php?rest_route=\/wp\/v2\/types\/post"}],"author":[{"embeddable":true,"href":"https:\/\/jugulajm.net\/index.php?rest_route=\/wp\/v2\/users\/5"}],"replies":[{"embeddable":true,"href":"https:\/\/jugulajm.net\/index.php?rest_route=%2Fwp%2Fv2%2Fcomments&post=87958"}],"version-history":[{"count":2,"href":"https:\/\/jugulajm.net\/index.php?rest_route=\/wp\/v2\/posts\/87958\/revisions"}],"predecessor-version":[{"id":87960,"href":"https:\/\/jugulajm.net\/index.php?rest_route=\/wp\/v2\/posts\/87958\/revisions\/87960"}],"wp:featuredmedia":[{"embeddable":true,"href":"https:\/\/jugulajm.net\/index.php?rest_route=\/wp\/v2\/media\/83748"}],"wp:attachment":[{"href":"https:\/\/jugulajm.net\/index.php?rest_route=%2Fwp%2Fv2%2Fmedia&parent=87958"}],"wp:term":[{"taxonomy":"category","embeddable":true,"href":"https:\/\/jugulajm.net\/index.php?rest_route=%2Fwp%2Fv2%2Fcategories&post=87958"},{"taxonomy":"post_tag","embeddable":true,"href":"https:\/\/jugulajm.net\/index.php?rest_route=%2Fwp%2Fv2%2Ftags&post=87958"}],"curies":[{"name":"wp","href":"https:\/\/api.w.org\/{rel}","templated":true}]}}