{"id":87937,"date":"2025-05-30T16:12:55","date_gmt":"2025-05-30T14:12:55","guid":{"rendered":"https:\/\/jugulajm.net\/?p=87937"},"modified":"2025-05-30T16:13:29","modified_gmt":"2025-05-30T14:13:29","slug":"kengetarja-e-njohur-parashqevi-simaku-rrefehet-per-jeten-e-saj","status":"publish","type":"post","link":"https:\/\/jugulajm.net\/?p=87937","title":{"rendered":"K\u00ebng\u00ebtarja e njohur Parashqevi Simaku rr\u00ebfehet p\u00ebr jet\u00ebn e saj&#8230;"},"content":{"rendered":"<p>K\u00ebng\u00ebtarja e madhe, Parashqevi Simaku, rr\u00ebfen p\u00ebr her\u00eb t\u00eb par\u00eb arsyen pse u largua nga Shqip\u00ebria.<\/p>\n<p>N\u00eb nj\u00eb intervist\u00eb p\u00ebr \u201cOpinion\u201d, ajo tregon se fillimisht udh\u00ebtoi drejt Italis\u00eb, me nj\u00eb pasaport\u00eb t\u00eb bler\u00eb.<\/p>\n<p>E nd\u00ebrsa i tregon me detaje emrat dhe \u00e7mimet e fituara, ka vet\u00ebm nj\u00eb gj\u00eb q\u00eb nuk e pranon, divorcin me Robertin.<\/p>\n<p>\u201cN\u00ebna ime m\u00eb tha, do shkoj t\u00eb shoh v\u00ebllain tim n\u00eb Itali, q\u00eb ishte nj\u00eb nga k\u00ebto refugjat\u00ebt. Qante gjithmon\u00eb, aman tha se ti je shum\u00eb e njohur. Me mikesh\u00ebn time shkova n\u00eb ambasad\u00eb. Ai ambasadori italian m\u00eb kishte par\u00eb gjithmon\u00eb n\u00eb k\u00ebto mbr\u00ebmjet q\u00eb b\u00ebnte partia p\u00ebr Krishtlindje dhe m\u00eb mbante mend. I thash\u00eb t\u00eb lutem\u2026Po ti je Parashqevia, tha! Mos ki merak tha, se do e marr Dash Dervishin n\u00eb telefon. Do b\u00ebsh gati guest room, se isha edhe e varf\u00ebr.<\/p>\n<p>S\u2019kisha asnj\u00eb lek\u00eb! Dhurat\u00eb e kisha, m\u00eb soll\u00ebn at\u00eb makin\u00ebn diplomatike. Vjen nj\u00eb burr\u00eb e grua nga New York-u, dhe ata donin q\u00eb t\u00eb arg\u00ebtoheshin, t\u00eb hapnin muzik\u00eb n\u00eb New York. Ishin nga Dibra e Maqedonis\u00eb, burr\u00eb e grua. Erdh\u00ebn dhe m\u00eb blen\u00eb nj\u00eb pasaport\u00eb. Ishte pasapot\u00eb e bler\u00eb, kalabreze. Victoria Marini! Un\u00eb flisja italisht, dukesha si italiane\u201d, rr\u00ebfeu Simaku.<\/p>\n<p>N\u00eb 9 mars 1992, mb\u00ebrriti n\u00eb New York t\u00eb Shteteve t\u00eb Bashkuara.<\/p>\n<p>\u201cU shokova kur erdha. Gj\u00ebja e par\u00eb thoja \u00ebsht\u00eb pse \u00ebsht\u00eb qielli kaq i lart\u00eb, n\u00eb Shqip\u00ebri ato ret\u00eb i kemi si kapele. M\u00eb dukej sikur kisha shkuar n\u00eb nj\u00eb bot\u00eb tjet\u00ebr. Shqiptar\u00ebt k\u00ebtu m\u00eb donin shum\u00eb.\u201d<\/p>\n<p>Thekson se n\u00eb at\u00eb fitonte shum\u00eb me muzik\u00ebn.<\/p>\n<p>\u201cP\u00ebr ne ishte p\u00ebrrall\u00eb!\u201d<\/p>\n<p>Fevziu: Kur u divorcuat?<\/p>\n<p>\u201cNuk jemi divorcuar, me Robertin jemi burr\u00eb e grua mish e thua. Ne n\u00eb Kavaj\u00eb kemi nj\u00eb shprehje q\u00eb thot\u00eb fatit t\u00eb par\u00eb mos iu ndaj. Un\u00eb i kisha premtuar bab\u00ebs se ai do t\u2019i k\u00ebrkonte dor\u00ebn time dhe Roberti shkroi nj\u00eb let\u00ebr ku u prezantua n\u00eb anglisht dhe m\u00eb pas komshija ime ja p\u00ebrktheu bab\u00ebs. Pas asaj ne fol\u00ebm n\u00eb telefon dhe babai na dha aprovimin. Im at\u00eb thoshte gjithmon\u00eb q\u00eb n\u00ebse ai e ka seriozisht do vij\u00eb dhe do flas\u00eb me mua, s\u2019ka arsye pse ta mbani fshehur\u201d, ka treguar Parashqevia.<\/p>\n<p>K\u00ebng\u00ebtarja tha se ishte zgjedhja e saj q\u00eb kishte ndenjur jasht\u00eb dhe se gjat\u00eb k\u00ebsaj kohe po studionte nga telefoni. Ajo pohoi se p\u00ebr djalin nuk kishte merak pasi e dinte se Roberti po kujdesej shum\u00eb mir\u00eb p\u00ebr t\u00eb.<\/p>\n<p>\u201cNe kishim nj\u00eb strehimore ku jetoja por pas pandemis\u00eb dola aty pasi nuk shihje k\u00ebmb\u00eb njeriu. Ndonj\u00ebher\u00eb kur b\u00ebte shum\u00eb vap\u00eb largohesha q\u00eb aty, por kishte gjithmon\u00eb njer\u00ebz q\u00eb na jepnin para, ushqim, batanije. Nj\u00eb dit\u00eb erdhi m\u00eb mori Eltoni, \u201cfrom the streets to the stars\u201d.<\/p>\n","protected":false},"excerpt":{"rendered":"<p>K\u00ebng\u00ebtarja e madhe, Parashqevi Simaku, rr\u00ebfen p\u00ebr her\u00eb t\u00eb par\u00eb arsyen pse u largua nga Shqip\u00ebria. N\u00eb nj\u00eb intervist\u00eb p\u00ebr \u201cOpinion\u201d, ajo tregon se fillimisht udh\u00ebtoi drejt Italis\u00eb, me nj\u00eb pasaport\u00eb t\u00eb bler\u00eb. E nd\u00ebrsa i tregon me detaje emrat dhe \u00e7mimet e fituara, ka vet\u00ebm nj\u00eb gj\u00eb q\u00eb nuk e pranon, divorcin me Robertin. [&hellip;]<\/p>\n","protected":false},"author":5,"featured_media":82741,"comment_status":"closed","ping_status":"closed","sticky":false,"template":"","format":"standard","meta":{"footnotes":""},"categories":[7665,6332],"tags":[36438],"class_list":{"0":"post-87937","1":"post","2":"type-post","3":"status-publish","4":"format-standard","5":"has-post-thumbnail","7":"category-art","8":"category-te-fundit","9":"tag-kengetarja-e-njohur-parashqevi-simaku-rrefehet-per-jeten-e-saj"},"_links":{"self":[{"href":"https:\/\/jugulajm.net\/index.php?rest_route=\/wp\/v2\/posts\/87937","targetHints":{"allow":["GET"]}}],"collection":[{"href":"https:\/\/jugulajm.net\/index.php?rest_route=\/wp\/v2\/posts"}],"about":[{"href":"https:\/\/jugulajm.net\/index.php?rest_route=\/wp\/v2\/types\/post"}],"author":[{"embeddable":true,"href":"https:\/\/jugulajm.net\/index.php?rest_route=\/wp\/v2\/users\/5"}],"replies":[{"embeddable":true,"href":"https:\/\/jugulajm.net\/index.php?rest_route=%2Fwp%2Fv2%2Fcomments&post=87937"}],"version-history":[{"count":1,"href":"https:\/\/jugulajm.net\/index.php?rest_route=\/wp\/v2\/posts\/87937\/revisions"}],"predecessor-version":[{"id":87938,"href":"https:\/\/jugulajm.net\/index.php?rest_route=\/wp\/v2\/posts\/87937\/revisions\/87938"}],"wp:featuredmedia":[{"embeddable":true,"href":"https:\/\/jugulajm.net\/index.php?rest_route=\/wp\/v2\/media\/82741"}],"wp:attachment":[{"href":"https:\/\/jugulajm.net\/index.php?rest_route=%2Fwp%2Fv2%2Fmedia&parent=87937"}],"wp:term":[{"taxonomy":"category","embeddable":true,"href":"https:\/\/jugulajm.net\/index.php?rest_route=%2Fwp%2Fv2%2Fcategories&post=87937"},{"taxonomy":"post_tag","embeddable":true,"href":"https:\/\/jugulajm.net\/index.php?rest_route=%2Fwp%2Fv2%2Ftags&post=87937"}],"curies":[{"name":"wp","href":"https:\/\/api.w.org\/{rel}","templated":true}]}}