{"id":87903,"date":"2025-05-29T17:23:37","date_gmt":"2025-05-29T15:23:37","guid":{"rendered":"https:\/\/jugulajm.net\/?p=87903"},"modified":"2025-05-29T17:23:37","modified_gmt":"2025-05-29T15:23:37","slug":"vjehrra-denoncon-humbjen-e-nuses-se-djalit","status":"publish","type":"post","link":"https:\/\/jugulajm.net\/?p=87903","title":{"rendered":"Vjehrra denoncon humbjen e nuses s\u00eb djalit"},"content":{"rendered":"<p>Nj\u00eb grua e moshuar ka denoncuar humbjen e nuses s\u00eb mitur t\u00eb djalit t\u00eb saj, duke k\u00ebrkuar ndihm\u00ebn e Policis\u00eb p\u00ebr gjetjen.<\/p>\n<p>Ngjarja e pazakont\u00eb ka ndodhur n\u00eb Tiran\u00eb, nd\u00ebrsa burime zyrtare konfirmuan sot (29 maj) regjistrimin e denoncimit p\u00ebr humbjen e 17-vje\u00e7ares.<\/p>\n<p>\u201cKall\u00ebzoi shtetasja H. L., 65 vje\u00e7e, se ishte larguar nga banesa, bashk\u00ebshortja 17 vje\u00e7e e djalit t\u00eb saj. Punohet p\u00ebr gjetjen e k\u00ebsaj shtetaseje\u201d, b\u00ebri me dije policia e kryeqytetit.<\/p>\n<p>Nuk u dhan\u00eb detaje p\u00ebr dinamik\u00ebn dhe rrethanat e ngjarjes s\u00eb largimit dy dit\u00eb m\u00eb par\u00eb t\u00eb s\u00eb mitur\u00ebs, por po b\u00ebhen k\u00ebrkime n\u00ebp\u00ebrmjet familjes s\u00eb saj, t\u00eb njohurve, kontakteve telefonike apo dhe rrjetitsocial, p\u00ebr ta lokalizuar dhe zbardhur k\u00ebt\u00eb ngjarje.<\/p>\n","protected":false},"excerpt":{"rendered":"<p>Nj\u00eb grua e moshuar ka denoncuar humbjen e nuses s\u00eb mitur t\u00eb djalit t\u00eb saj, duke k\u00ebrkuar ndihm\u00ebn e Policis\u00eb p\u00ebr gjetjen. Ngjarja e pazakont\u00eb ka ndodhur n\u00eb Tiran\u00eb, nd\u00ebrsa burime zyrtare konfirmuan sot (29 maj) regjistrimin e denoncimit p\u00ebr humbjen e 17-vje\u00e7ares. \u201cKall\u00ebzoi shtetasja H. L., 65 vje\u00e7e, se ishte larguar nga banesa, bashk\u00ebshortja [&hellip;]<\/p>\n","protected":false},"author":5,"featured_media":52254,"comment_status":"closed","ping_status":"closed","sticky":false,"template":"","format":"standard","meta":{"footnotes":""},"categories":[1,6332,29228],"tags":[36421],"class_list":{"0":"post-87903","1":"post","2":"type-post","3":"status-publish","4":"format-standard","5":"has-post-thumbnail","7":"category-aktualitet","8":"category-te-fundit","9":"category-vendi","10":"tag-vjehrra-denoncon-humbjen-e-nuses-se-djalit"},"_links":{"self":[{"href":"https:\/\/jugulajm.net\/index.php?rest_route=\/wp\/v2\/posts\/87903","targetHints":{"allow":["GET"]}}],"collection":[{"href":"https:\/\/jugulajm.net\/index.php?rest_route=\/wp\/v2\/posts"}],"about":[{"href":"https:\/\/jugulajm.net\/index.php?rest_route=\/wp\/v2\/types\/post"}],"author":[{"embeddable":true,"href":"https:\/\/jugulajm.net\/index.php?rest_route=\/wp\/v2\/users\/5"}],"replies":[{"embeddable":true,"href":"https:\/\/jugulajm.net\/index.php?rest_route=%2Fwp%2Fv2%2Fcomments&post=87903"}],"version-history":[{"count":1,"href":"https:\/\/jugulajm.net\/index.php?rest_route=\/wp\/v2\/posts\/87903\/revisions"}],"predecessor-version":[{"id":87904,"href":"https:\/\/jugulajm.net\/index.php?rest_route=\/wp\/v2\/posts\/87903\/revisions\/87904"}],"wp:featuredmedia":[{"embeddable":true,"href":"https:\/\/jugulajm.net\/index.php?rest_route=\/wp\/v2\/media\/52254"}],"wp:attachment":[{"href":"https:\/\/jugulajm.net\/index.php?rest_route=%2Fwp%2Fv2%2Fmedia&parent=87903"}],"wp:term":[{"taxonomy":"category","embeddable":true,"href":"https:\/\/jugulajm.net\/index.php?rest_route=%2Fwp%2Fv2%2Fcategories&post=87903"},{"taxonomy":"post_tag","embeddable":true,"href":"https:\/\/jugulajm.net\/index.php?rest_route=%2Fwp%2Fv2%2Ftags&post=87903"}],"curies":[{"name":"wp","href":"https:\/\/api.w.org\/{rel}","templated":true}]}}