{"id":87799,"date":"2025-05-26T19:14:43","date_gmt":"2025-05-26T17:14:43","guid":{"rendered":"https:\/\/jugulajm.net\/?p=87799"},"modified":"2025-05-26T19:14:43","modified_gmt":"2025-05-26T17:14:43","slug":"emri-humb-jeten-minatori-58-vjecar-ishte-ne-galeri-kur-e-zuri-masivi-i-mineralit","status":"publish","type":"post","link":"https:\/\/jugulajm.net\/?p=87799","title":{"rendered":"EMRI\/ Humb jet\u00ebn minatori 58 vje\u00e7ar, ishte n\u00eb galeri kur e zuri masivi i mineralit"},"content":{"rendered":"<p>Humb jet\u00ebn nj\u00eb minator n\u00eb minier\u00ebn e fshatit Katjel t\u00eb Prrenjasit.<\/p>\n<p>Ngjarja ka ndodhur dit\u00ebn e sotme (26 maj), teksa Policia e Elbasanit njoftoi se grupi hetimor dhe forcat kan\u00eb shkuar n\u00eb zon\u00eb p\u00ebr t\u00eb kryer veprimet e duhura.<\/p>\n<p>Viktima \u00ebsht\u00eb identifikuar si Syrja Bego, rreth 58 vje\u00e7.<\/p>\n<p>Nga t\u00eb dh\u00ebnat paraprake m\u00ebsohet se\u00a0minatori\u00a0ka vdekur sapo ka marr\u00eb turnin.<\/p>\n<p>At\u00eb e ka z\u00ebn\u00eb nj\u00eb gur minerali posht\u00eb vetes, duke i shkaktuar edhe vdekjen.<\/p>\n","protected":false},"excerpt":{"rendered":"<p>Humb jet\u00ebn nj\u00eb minator n\u00eb minier\u00ebn e fshatit Katjel t\u00eb Prrenjasit. Ngjarja ka ndodhur dit\u00ebn e sotme (26 maj), teksa Policia e Elbasanit njoftoi se grupi hetimor dhe forcat kan\u00eb shkuar n\u00eb zon\u00eb p\u00ebr t\u00eb kryer veprimet e duhura. Viktima \u00ebsht\u00eb identifikuar si Syrja Bego, rreth 58 vje\u00e7. Nga t\u00eb dh\u00ebnat paraprake m\u00ebsohet se\u00a0minatori\u00a0ka vdekur [&hellip;]<\/p>\n","protected":false},"author":5,"featured_media":54477,"comment_status":"closed","ping_status":"closed","sticky":false,"template":"","format":"standard","meta":{"footnotes":""},"categories":[1,6332,29228],"tags":[36362,36363],"class_list":{"0":"post-87799","1":"post","2":"type-post","3":"status-publish","4":"format-standard","5":"has-post-thumbnail","7":"category-aktualitet","8":"category-te-fundit","9":"category-vendi","10":"tag-emri-humb-jeten-minatori-58-vjecar","11":"tag-ishte-ne-galeri-kur-e-zuri-masivi-i-mineralit"},"_links":{"self":[{"href":"https:\/\/jugulajm.net\/index.php?rest_route=\/wp\/v2\/posts\/87799","targetHints":{"allow":["GET"]}}],"collection":[{"href":"https:\/\/jugulajm.net\/index.php?rest_route=\/wp\/v2\/posts"}],"about":[{"href":"https:\/\/jugulajm.net\/index.php?rest_route=\/wp\/v2\/types\/post"}],"author":[{"embeddable":true,"href":"https:\/\/jugulajm.net\/index.php?rest_route=\/wp\/v2\/users\/5"}],"replies":[{"embeddable":true,"href":"https:\/\/jugulajm.net\/index.php?rest_route=%2Fwp%2Fv2%2Fcomments&post=87799"}],"version-history":[{"count":1,"href":"https:\/\/jugulajm.net\/index.php?rest_route=\/wp\/v2\/posts\/87799\/revisions"}],"predecessor-version":[{"id":87800,"href":"https:\/\/jugulajm.net\/index.php?rest_route=\/wp\/v2\/posts\/87799\/revisions\/87800"}],"wp:featuredmedia":[{"embeddable":true,"href":"https:\/\/jugulajm.net\/index.php?rest_route=\/wp\/v2\/media\/54477"}],"wp:attachment":[{"href":"https:\/\/jugulajm.net\/index.php?rest_route=%2Fwp%2Fv2%2Fmedia&parent=87799"}],"wp:term":[{"taxonomy":"category","embeddable":true,"href":"https:\/\/jugulajm.net\/index.php?rest_route=%2Fwp%2Fv2%2Fcategories&post=87799"},{"taxonomy":"post_tag","embeddable":true,"href":"https:\/\/jugulajm.net\/index.php?rest_route=%2Fwp%2Fv2%2Ftags&post=87799"}],"curies":[{"name":"wp","href":"https:\/\/api.w.org\/{rel}","templated":true}]}}