{"id":87774,"date":"2025-05-26T11:45:06","date_gmt":"2025-05-26T09:45:06","guid":{"rendered":"https:\/\/jugulajm.net\/?p=87774"},"modified":"2025-05-26T11:46:20","modified_gmt":"2025-05-26T09:46:20","slug":"helmimi-i-femijeve-ne-kopshtin-publik-prinderit-ne-proteste-pas-shperthimit-te-salmoneles","status":"publish","type":"post","link":"https:\/\/jugulajm.net\/?p=87774","title":{"rendered":"Helmimi i f\u00ebmij\u00ebve n\u00eb kopshtin publik\/ Prind\u00ebrit n\u00eb protest\u00eb pas shp\u00ebrthimit t\u00eb salmonel\u00ebs"},"content":{"rendered":"<p>Prind\u00ebrit \u00a0e f\u00ebmij\u00ebve t\u00eb kopshtit nr 1 t\u00eb Gramshit kan\u00eb dal\u00eb n\u00eb protest\u00eb p\u00ebr t\u00eb ngritur z\u00ebrin t\u00eb alarmuar pasi f\u00ebmij\u00ebt e tyre u helmuan nga salmonela p\u00ebr shkak t\u00eb konsumimit t\u00eb sup\u00ebs s\u00eb pul\u00ebs n\u00eb k\u00ebt\u00eb kopsht.<\/p>\n<p>Ata k\u00ebrkojn\u00eb q\u00eb p\u00ebrgjegj\u00ebsit q\u00eb rrezikuan jet\u00ebn e f\u00ebmij\u00ebve t\u00eb tyre t\u00eb vihen para ligjit.<\/p>\n<p><em>\u201cF\u00ebmija im ka q\u00eb t\u00eb mart\u00ebn q\u00eb \u00ebsht\u00eb infektuar. Fal\u00eb mjekes jan\u00eb dh\u00ebn\u00eb ila\u00e7et. Ka r\u00ebn\u00eb temperatura por dhimbjet e barkut vijon\u00eb. Pas p\u00ebrfundimit t\u00eb mjekimit do t\u00eb rib\u00ebhen analizat&#8221; thot\u00eb nj\u00eb prind.<\/em><\/p>\n<p><em>\u201cF\u00ebmija im t\u00eb h\u00ebn\u00ebn n\u00eb drek\u00eb shfaqi temperatur\u00eb. Ka 8 dit\u00eb q\u00eb vijon me dhimbje barku, diare. \u00a0P\u00ebr desi. E mjekova fillimisht si viroz\u00eb, por t\u00eb enjten m\u00ebsova se ishte me salmonel\u00eb. Kemi 8 dit\u00eb q\u00eb jemi n\u00eb gjendje ankthi dhe t\u00eb trembur. Ne e cojm\u00eb f\u00ebmij\u00ebn deri n\u00eb or\u00ebn 15:30 dhe k\u00ebrkojn\u00eb siguri p\u00ebr ushqimin\u201d tha mamaja e nj\u00eb f\u00ebmije.<\/em><\/p>\n<p><em>\u201cF\u00ebmija im ka q\u00eb t\u00eb mart\u00ebn q\u00eb \u00ebsht\u00eb infektuar. Fal\u00eb mjekes jan\u00eb dh\u00ebn\u00eb ila\u00e7et. Ka r\u00ebn\u00eb temperatura por dhimbjet e barkut vijon\u00eb.\u00a0 Pas p\u00ebrfundimit t\u00eb mjekimit do t\u00eb rib\u00ebhen analizat. Nuk jam i sigurt\u00eb a do ta \u00e7oj f\u00ebmij\u00ebn s\u00ebrish atje\u201d.<\/em><\/p>\n<p>Prind\u00ebrit thon\u00eb se shteti ka qen\u00eb inekzistent dhe ka heshtur p\u00ebrball\u00eb k\u00ebsaj situate alarmante q\u00eb v\u00eb n\u00eb rrezik f\u00ebmij\u00ebt e tyre.Madje jan\u00eb p\u00ebrpjekur dhe ti intimidojn\u00eb.<\/p>\n<p><em>\u2018S\u2019kishim informacion. Ishte terr informativ. Un\u00eb isha rasti i par\u00eb. Dol\u00ebn analizat. Shyqyr q\u00eb nuk ishte f\u00ebmija tjet\u00ebr, se\u00a0 e kisha me linj\u00eb.. M\u00eb \u00ebsht\u00eb ndaluar ta \u00e7oj n\u00eb pavion e po e mjekoj n\u00eb sht\u00ebpi\u201d.<\/em><\/p>\n<p>Nj\u00eb banor thot\u00eb se sh\u00ebrbimi i kateringut q\u00eb ofrohet n\u00eb k\u00ebt\u00eb kopsht \u00ebsht\u00eb nga nj\u00eb kompani jasht\u00eb qytetit.<\/p>\n<p><em>Tenderi\u00a0i \u00ebsht\u00eb dh\u00ebn\u00eb nj\u00eb kompanie jasht\u00eb qytetit ton\u00eb. Pse t\u00eb dal\u00eb jasht\u00eb kjo bashki p\u00ebr k\u00ebt\u00eb sh\u00ebrbim.<\/em><\/p>\n<p>Nj\u00eb banor i k\u00ebrkon prokuroris\u00eb t\u00eb hetoj\u00eb.<\/p>\n<p><em>\u201cN\u00eb vend q\u00eb t\u00eb b\u00ebrtasim ne q\u00eb na kan\u00eb helmuar f\u00ebmij\u00ebt, k\u00ebta p\u00ebrpiqen t\u00eb na intimidojn\u00eb. Na keni helmuar f\u00ebmij\u00ebt. I b\u00ebj thirrje prokuroris\u00eb s\u00eb Gramshit t\u00eb ndjekin k\u00ebt\u00eb c\u00ebshtje t\u00eb mos e l\u00ebr\u00eb dhe ta coj\u00eb deri n\u00eb fund k\u00ebt\u00eb ngjarje. Ka dit\u00eb q\u00eb po p\u00ebrpiqen t\u00eb intimidojn\u00eb. K\u00ebtu duhej t\u00eb kishte dal\u00eb gjith\u00eb Gramshi n\u00eb protest\u00eb\u201d.<\/em><\/p>\n","protected":false},"excerpt":{"rendered":"<p>Prind\u00ebrit \u00a0e f\u00ebmij\u00ebve t\u00eb kopshtit nr 1 t\u00eb Gramshit kan\u00eb dal\u00eb n\u00eb protest\u00eb p\u00ebr t\u00eb ngritur z\u00ebrin t\u00eb alarmuar pasi f\u00ebmij\u00ebt e tyre u helmuan nga salmonela p\u00ebr shkak t\u00eb konsumimit t\u00eb sup\u00ebs s\u00eb pul\u00ebs n\u00eb k\u00ebt\u00eb kopsht. Ata k\u00ebrkojn\u00eb q\u00eb p\u00ebrgjegj\u00ebsit q\u00eb rrezikuan jet\u00ebn e f\u00ebmij\u00ebve t\u00eb tyre t\u00eb vihen para ligjit. \u201cF\u00ebmija im [&hellip;]<\/p>\n","protected":false},"author":5,"featured_media":87775,"comment_status":"closed","ping_status":"closed","sticky":false,"template":"","format":"standard","meta":{"footnotes":""},"categories":[1,6332,29228],"tags":[36352],"class_list":{"0":"post-87774","1":"post","2":"type-post","3":"status-publish","4":"format-standard","5":"has-post-thumbnail","7":"category-aktualitet","8":"category-te-fundit","9":"category-vendi","10":"tag-helmimi-i-femijeve-ne-kopshtin-publik-prinderit-ne-proteste-pas-shperthimit-te-salmoneles"},"_links":{"self":[{"href":"https:\/\/jugulajm.net\/index.php?rest_route=\/wp\/v2\/posts\/87774","targetHints":{"allow":["GET"]}}],"collection":[{"href":"https:\/\/jugulajm.net\/index.php?rest_route=\/wp\/v2\/posts"}],"about":[{"href":"https:\/\/jugulajm.net\/index.php?rest_route=\/wp\/v2\/types\/post"}],"author":[{"embeddable":true,"href":"https:\/\/jugulajm.net\/index.php?rest_route=\/wp\/v2\/users\/5"}],"replies":[{"embeddable":true,"href":"https:\/\/jugulajm.net\/index.php?rest_route=%2Fwp%2Fv2%2Fcomments&post=87774"}],"version-history":[{"count":2,"href":"https:\/\/jugulajm.net\/index.php?rest_route=\/wp\/v2\/posts\/87774\/revisions"}],"predecessor-version":[{"id":87777,"href":"https:\/\/jugulajm.net\/index.php?rest_route=\/wp\/v2\/posts\/87774\/revisions\/87777"}],"wp:featuredmedia":[{"embeddable":true,"href":"https:\/\/jugulajm.net\/index.php?rest_route=\/wp\/v2\/media\/87775"}],"wp:attachment":[{"href":"https:\/\/jugulajm.net\/index.php?rest_route=%2Fwp%2Fv2%2Fmedia&parent=87774"}],"wp:term":[{"taxonomy":"category","embeddable":true,"href":"https:\/\/jugulajm.net\/index.php?rest_route=%2Fwp%2Fv2%2Fcategories&post=87774"},{"taxonomy":"post_tag","embeddable":true,"href":"https:\/\/jugulajm.net\/index.php?rest_route=%2Fwp%2Fv2%2Ftags&post=87774"}],"curies":[{"name":"wp","href":"https:\/\/api.w.org\/{rel}","templated":true}]}}