{"id":87767,"date":"2025-05-26T09:24:27","date_gmt":"2025-05-26T07:24:27","guid":{"rendered":"https:\/\/jugulajm.net\/?p=87767"},"modified":"2025-05-26T09:24:27","modified_gmt":"2025-05-26T07:24:27","slug":"emri-humb-jeten-28-vjecari-ishte-ne-timon-kur-perfundoi-me-makine-ne-kanalin-kullues","status":"publish","type":"post","link":"https:\/\/jugulajm.net\/?p=87767","title":{"rendered":"EMRI\/ Humb jet\u00ebn 28-vje\u00e7ari, ishte n\u00eb timon kur p\u00ebrfundoi me makin\u00eb n\u00eb kanalin kullues"},"content":{"rendered":"<p>Nj\u00eb aksident \u00ebsht\u00eb regjistruar m\u00ebngjesin e sot\u00ebm n\u00eb rrethrrotullimin e Kolonj\u00ebs, n\u00eb aksi\u00a0Fier-Lushnje. M\u00ebsoh\u00ebt se aksidenti i r\u00ebnd\u00eb ka ndodhur rreth or\u00ebs 04:30 t\u00eb m\u00ebngjesit. Nga ngjarja ka humbur jet\u00ebn i riu Serxhio Gogaj.<\/p>\n<p>28-vje\u00e7ari ka humbur kontrollin e makin\u00ebs tip \u2018Volkswagen\u2019 dhe p\u00ebrfundoi n\u00eb kanalin kullues.<\/p>\n<p>Dyshohet se shkak i aksidentit ka qen\u00eb humbja e kontrollit t\u00eb mjetit p\u00ebr shkak t\u00eb p\u00ebrgjumjes dhe m\u00eb pas nga shpejt\u00ebsia e lart\u00eb ka thyer barrier\u00ebn e hekurt.<\/p>\n<p>Ekspertiza mjeko-ligjore do t\u00eb p\u00ebrcaktoj\u00eb shkaqet e vdekjes, n\u00ebse i riu \u00ebsht\u00eb mbytur n\u00eb uj\u00eb apo nd\u00ebrroi jet\u00eb nga p\u00ebrplasja n\u00eb aksident.<\/p>\n","protected":false},"excerpt":{"rendered":"<p>Nj\u00eb aksident \u00ebsht\u00eb regjistruar m\u00ebngjesin e sot\u00ebm n\u00eb rrethrrotullimin e Kolonj\u00ebs, n\u00eb aksi\u00a0Fier-Lushnje. M\u00ebsoh\u00ebt se aksidenti i r\u00ebnd\u00eb ka ndodhur rreth or\u00ebs 04:30 t\u00eb m\u00ebngjesit. Nga ngjarja ka humbur jet\u00ebn i riu Serxhio Gogaj. 28-vje\u00e7ari ka humbur kontrollin e makin\u00ebs tip \u2018Volkswagen\u2019 dhe p\u00ebrfundoi n\u00eb kanalin kullues. Dyshohet se shkak i aksidentit ka qen\u00eb humbja [&hellip;]<\/p>\n","protected":false},"author":5,"featured_media":73125,"comment_status":"closed","ping_status":"closed","sticky":false,"template":"","format":"standard","meta":{"footnotes":""},"categories":[1,6332,29228],"tags":[36347,36348],"class_list":{"0":"post-87767","1":"post","2":"type-post","3":"status-publish","4":"format-standard","5":"has-post-thumbnail","7":"category-aktualitet","8":"category-te-fundit","9":"category-vendi","10":"tag-emri-humb-jeten-28-vjecari","11":"tag-ishte-ne-timon-kur-perfundoi-me-makine-ne-kanalin-kullues"},"_links":{"self":[{"href":"https:\/\/jugulajm.net\/index.php?rest_route=\/wp\/v2\/posts\/87767","targetHints":{"allow":["GET"]}}],"collection":[{"href":"https:\/\/jugulajm.net\/index.php?rest_route=\/wp\/v2\/posts"}],"about":[{"href":"https:\/\/jugulajm.net\/index.php?rest_route=\/wp\/v2\/types\/post"}],"author":[{"embeddable":true,"href":"https:\/\/jugulajm.net\/index.php?rest_route=\/wp\/v2\/users\/5"}],"replies":[{"embeddable":true,"href":"https:\/\/jugulajm.net\/index.php?rest_route=%2Fwp%2Fv2%2Fcomments&post=87767"}],"version-history":[{"count":1,"href":"https:\/\/jugulajm.net\/index.php?rest_route=\/wp\/v2\/posts\/87767\/revisions"}],"predecessor-version":[{"id":87768,"href":"https:\/\/jugulajm.net\/index.php?rest_route=\/wp\/v2\/posts\/87767\/revisions\/87768"}],"wp:featuredmedia":[{"embeddable":true,"href":"https:\/\/jugulajm.net\/index.php?rest_route=\/wp\/v2\/media\/73125"}],"wp:attachment":[{"href":"https:\/\/jugulajm.net\/index.php?rest_route=%2Fwp%2Fv2%2Fmedia&parent=87767"}],"wp:term":[{"taxonomy":"category","embeddable":true,"href":"https:\/\/jugulajm.net\/index.php?rest_route=%2Fwp%2Fv2%2Fcategories&post=87767"},{"taxonomy":"post_tag","embeddable":true,"href":"https:\/\/jugulajm.net\/index.php?rest_route=%2Fwp%2Fv2%2Ftags&post=87767"}],"curies":[{"name":"wp","href":"https:\/\/api.w.org\/{rel}","templated":true}]}}