{"id":87737,"date":"2025-05-25T13:48:40","date_gmt":"2025-05-25T11:48:40","guid":{"rendered":"https:\/\/jugulajm.net\/?p=87737"},"modified":"2025-05-25T14:05:27","modified_gmt":"2025-05-25T12:05:27","slug":"u-perfol-per-lidhje-intime-me-kryebashkiakun-elda-xhakollari-iu-mbyll-sqepin-dashakeqasve-shpifje-e-shemtuar-dinjiteti-im-nuk-eshte-ne-shitje","status":"publish","type":"post","link":"https:\/\/jugulajm.net\/?p=87737","title":{"rendered":"U p\u00ebrfol p\u00ebr lidhje intime me kryebashkiakun, Elda Xhakollari iu mbyll &#8221;sqepin&#8221; dashakeqasve: Shpifje e sh\u00ebmtuar, dinjiteti im nuk \u00ebsht\u00eb n\u00eb shitje"},"content":{"rendered":"<p>Vet\u00ebm pak dit\u00eb para zgjedhjeve t\u00eb 11-majit qarkulloi n\u00eb rrjet lajmi, se bashk\u00ebshorti i nj\u00eb punonj\u00ebseje s\u00eb Bashkis\u00eb K\u00eblcyr\u00eb, ka b\u00ebr\u00eb denoncim n\u00eb polici, se gruaja e tij e paska tradh\u00ebtuar me nj\u00eb ish-krybashkiak.<\/p>\n<p>Kjo ngjarje u aludua pasi &#8221;b\u00ebrrylat&#8221; dashakeqas t\u00eb personave t\u00eb caktuar me xhelozin\u00eb e tyre politike, k\u00ebrkonin t\u00eb zhysnin jo punonj\u00ebsen e bashkis\u00eb, por personin p\u00ebr t\u00eb cilin aludohej se ajo ishte. Por si gjithmon\u00eb populli kupton dhe reagon me m\u00ebnyr\u00ebn m\u00eb t\u00eb sakt\u00eb, duke j&#8217;ua dh\u00ebn\u00eb &#8221;reston&#8221; z\u00ebrave mjeran\u00eb dhe dashakeqas p\u00ebrmes vot\u00ebs.<\/p>\n<p>Mbi k\u00ebto lajme ka reaguar, Elda Xhakollari, e cila \u00ebsht\u00eb gruaja e p\u00ebrfolur n\u00eb k\u00ebt\u00eb ngjarje, duke p\u00ebrg\u00ebnjeshtruar \u00e7do lajm.<\/p>\n<p><strong>Ja reagimi i plot\u00eb i Xhakollarit:<\/strong><\/p>\n<p><em>Fjal\u00ebt me jane mberthyer ne shpirt, por tani duhet te dalin.<\/em><\/p>\n<p><em>Prej disa ditesh jam bere subjekt lajmesh te pav\u00ebrteta dhe shpifese q\u00eb kan\u00eb qarkulluar neper portale dhe rrjete sociale. Nje situate e thjeshte pune eshte keqinterpretuar, eshte nxjerre jashte cdo konteksti dhe eshte kthyer ne nje histori qe nuk ka lidhje me<\/em><\/p>\n<p><em>realitetin tim.Ajo q\u00eb me dhemb me shume nuk eshte thjeshte permbajtja e ketyre lajmeve,por demi emocional qe ka shkaktuar tek une, familja ime dhe mbi te gjitha, tek dy femijet e mi te mitur. Ata nuk e kuptojne pse nena e tyre perflitet, pse njerezit flasin pa ditur asgje,pse dikush shpif<\/em><\/p>\n<p><em>por ata e ndiejne gjithcka.Dhe kjo me copeton me shume se \u00e7do gje tjeter.<\/em><\/p>\n<p><em>Une nuk po kerkoj meshire. Po kerkoj drejtesi dhe ndjeshmeri.Po kerkoj qe njerezit te mos gjykojne pa ditur, te mos lendojne pa arsye dhe te mos shperndajne lajme qe shkaterrojne jete te verteta.Asgje nga ajo qe eshte thene nuk eshte e vertete. Dhe \u00e7do hap i nevojshem ligjor eshte duke u ndermarre, jo per hakmarje por per te mbrojtur te vertet\u00ebn dhe per te then\u00eb: MJAFTE ME!<\/em><\/p>\n<p><em>Per me teper, dua te theksoj qarte se :BASHKESHORTI IM NUK KA BERE ASNJEHERE DEKLARATAT QE THUHEN NEPER MEDIA.\u00c7do fjale q\u00eb pretendohet se eshte then prej tij \u00ebsht\u00eb trillim, dhe per kete ceshtje do te ndiqen te gjitha rruget penale dhe civile kunder autor\u00ebve t\u00eb shkrimeve shpifese, si dhe atyre qe i kane shperndare. Ky eshte nje sulm i koordinuar, i ul\u00ebt dhe i tmerrshem jo vetem ndaj meje si njeri, por edhe ndaj familjen sime dhe ve\u00e7an\u00ebrisht ndaj femijeve te mi te mitur, te cilet jane ekspozuar padreitesisht ndaj kesaj dhune publike.Nuk do te lejoj me ask\u00ebnd te me perdore si &#8220;kavje\u201dper t&#8217;u gjykuar neper portale qe b\u00ebjne &#8220;lajme&#8221; me kafe dhe komente Facebook-u.<\/em><\/p>\n<p><em>Asnje hap nuk do te mbetet pa u ndjekur.Dinjiteti im,puna ime dhe familja ime nuk jan\u00eb per t&#8217;u prekur.Dhe cdo njeri q\u00eb ka menduar te me godase do te perballet me forcen e ligjit.<\/em><\/p>\n<p><em>Ky nuk eshte vetem nje sulm ndaj meje si individ.<\/em><\/p>\n<p><em>Esht\u00eb nj\u00eb atentat ndaj te drejtes per privatesi, ndaj etikes, dhe mbi te gjitha, nje perpjekje per te me gjykuar publikisht pa asnje prove, ne mungese totale te te vertetes. Familja ime eshte lenduar rende, dhe ky dem nuk do te kaloje pa u trajtuar institucionalisht dhe ligjerisht.Une nuk do te hesht. Asnje portal, asnje komentues, asnje njeri qe mendon se mund te perdore lirine e fjales si arme shpifjeje nuk do te mbetet pa pergjigie.<\/em><\/p>\n<p><em>Dinjiteti im nuk eshte ne shitje. E verteta do te dale,dhe drejtesia do vihet ne vend.<\/em><\/p>\n<p><em>Eshte shume e lehte ta gjykosh dike pa ditur te verteten.Eshte shume e lehte te besh &#8220;moralistin&#8221;.<\/em><\/p>\n<p><em>Eshte shume e lehte te shkruash dhe te shash pas atij telefoni&#8230;dhe shume e shume te tjera ,<\/em><\/p>\n<p><em>Por nuk eshte aspak e lehte te perballosh dicka te tille, por po e bej per femijet e mi ,<\/em><\/p>\n<p><em>per dinjitetin tim dhe per \u00e7do njeri qe eshte gjykuar padrejtesisht ne heshtje.<\/em><\/p>\n<p><em>Ju lutem, ne vend qe te perhapni dhimbje, perhapni mirekuptim. Perhapni kujdes. Shpifja nuk eshte lajm.<\/em><\/p>\n<p><em>Shpifja eshte dhune!<\/em><\/p>\n<p><em>Une jam me shume se nje titull portali. Jam nje n\u00ebne, nje bije, nje njeri.<\/em><\/p>\n<p><em>E them me ze te plot\u00eb: gjithcka q\u00eb eshte publikuar per mua eshte e pavertete. Nje shpifje, nje padrejtesi!<\/em><\/p>\n<p><em>Faleminderit nga zemra te gjitheve qe me kane qendruar prane me fjale mbeshtetjeje e dashamiresi.Kjo gje ka rendesi me shume se c&#8217;mund te pershkruaj.<\/em><\/p>\n<p><em>Kurse per ate pjesen tjeter qe gezuan per dhimbjen e nje femre, bije, nene, iu them vetem dicka : &#8221; Do vi dita qe do t&#8217;ju vi turp nga vetja&#8221;&#8230;<\/em><\/p>\n<p><em>Une sjam si ju &#8230;.dhe pse me vrate nuk me beni dot si vetja!<\/em><\/p>\n","protected":false},"excerpt":{"rendered":"<p>Vet\u00ebm pak dit\u00eb para zgjedhjeve t\u00eb 11-majit qarkulloi n\u00eb rrjet lajmi, se bashk\u00ebshorti i nj\u00eb punonj\u00ebseje s\u00eb Bashkis\u00eb K\u00eblcyr\u00eb, ka b\u00ebr\u00eb denoncim n\u00eb polici, se gruaja e tij e paska tradh\u00ebtuar me nj\u00eb ish-krybashkiak. Kjo ngjarje u aludua pasi &#8221;b\u00ebrrylat&#8221; dashakeqas t\u00eb personave t\u00eb caktuar me xhelozin\u00eb e tyre politike, k\u00ebrkonin t\u00eb zhysnin jo punonj\u00ebsen [&hellip;]<\/p>\n","protected":false},"author":5,"featured_media":87739,"comment_status":"closed","ping_status":"closed","sticky":false,"template":"","format":"standard","meta":{"footnotes":""},"categories":[1,6332,29228],"tags":[36338,36337,36336],"class_list":{"0":"post-87737","1":"post","2":"type-post","3":"status-publish","4":"format-standard","5":"has-post-thumbnail","7":"category-aktualitet","8":"category-te-fundit","9":"category-vendi","10":"tag-dinjiteti-im-nuk-eshte-ne-shitje","11":"tag-elda-xhakollari-iu-mbyll-sqepin-dashakeqasve-shpifje-e-shemtuar","12":"tag-u-perfol-per-lidhje-intime-me-kryebashkiakun"},"_links":{"self":[{"href":"https:\/\/jugulajm.net\/index.php?rest_route=\/wp\/v2\/posts\/87737","targetHints":{"allow":["GET"]}}],"collection":[{"href":"https:\/\/jugulajm.net\/index.php?rest_route=\/wp\/v2\/posts"}],"about":[{"href":"https:\/\/jugulajm.net\/index.php?rest_route=\/wp\/v2\/types\/post"}],"author":[{"embeddable":true,"href":"https:\/\/jugulajm.net\/index.php?rest_route=\/wp\/v2\/users\/5"}],"replies":[{"embeddable":true,"href":"https:\/\/jugulajm.net\/index.php?rest_route=%2Fwp%2Fv2%2Fcomments&post=87737"}],"version-history":[{"count":5,"href":"https:\/\/jugulajm.net\/index.php?rest_route=\/wp\/v2\/posts\/87737\/revisions"}],"predecessor-version":[{"id":87744,"href":"https:\/\/jugulajm.net\/index.php?rest_route=\/wp\/v2\/posts\/87737\/revisions\/87744"}],"wp:featuredmedia":[{"embeddable":true,"href":"https:\/\/jugulajm.net\/index.php?rest_route=\/wp\/v2\/media\/87739"}],"wp:attachment":[{"href":"https:\/\/jugulajm.net\/index.php?rest_route=%2Fwp%2Fv2%2Fmedia&parent=87737"}],"wp:term":[{"taxonomy":"category","embeddable":true,"href":"https:\/\/jugulajm.net\/index.php?rest_route=%2Fwp%2Fv2%2Fcategories&post=87737"},{"taxonomy":"post_tag","embeddable":true,"href":"https:\/\/jugulajm.net\/index.php?rest_route=%2Fwp%2Fv2%2Ftags&post=87737"}],"curies":[{"name":"wp","href":"https:\/\/api.w.org\/{rel}","templated":true}]}}