{"id":87700,"date":"2025-05-24T13:12:12","date_gmt":"2025-05-24T11:12:12","guid":{"rendered":"https:\/\/jugulajm.net\/?p=87700"},"modified":"2025-05-24T13:12:12","modified_gmt":"2025-05-24T11:12:12","slug":"arrestohet-36-vjecari-permetar-ishte-i-dehur-ne-timon-dhe-aksidentoi-per-vdekje-71-vjecarin-me-biciklete","status":"publish","type":"post","link":"https:\/\/jugulajm.net\/?p=87700","title":{"rendered":"Arrestohet 36-vje\u00e7ari p\u00ebrmetar, ishte i dehur n\u00eb timon dhe aksidentoi p\u00ebr vdekje 71-vje\u00e7arin me bi\u00e7iklet\u00eb"},"content":{"rendered":"<p>Specialist\u00ebt e Seksionit t\u00eb Trafikut Interurban dhe Urban arrestuan n\u00eb flagranc\u00eb shtetasin D. B., 36 vje\u00e7, banues n\u00eb P\u00ebrmet, pasi mbr\u00ebmjen e djeshme n\u00eb aksin rrugor &#8220;K\u00eblcyr\u00eb-P\u00ebrmet&#8221;, duke drejtuar automjetin tip furgon n\u00eb gjendje t\u00eb dehur, ka aksidentuar shtetasin R. N., 71 vje\u00e7, banues n\u00eb P\u00ebrmet, i cili po l\u00ebvizte me bi\u00e7iklet\u00eb. Si pasoj\u00eb 71-vje\u00e7ari ka humbur jet\u00ebn n\u00eb spital.<\/p>\n<p>Materialet procedurale i kaluan Prokuroris\u00eb pran\u00eb Gjykat\u00ebs s\u00eb Shkall\u00ebs s\u00eb Par\u00eb t\u00eb Juridiksionit t\u00eb P\u00ebrgjithsh\u00ebm Gjirokast\u00ebr, p\u00ebr veprime t\u00eb m\u00ebtejshme.<\/p>\n","protected":false},"excerpt":{"rendered":"<p>Specialist\u00ebt e Seksionit t\u00eb Trafikut Interurban dhe Urban arrestuan n\u00eb flagranc\u00eb shtetasin D. B., 36 vje\u00e7, banues n\u00eb P\u00ebrmet, pasi mbr\u00ebmjen e djeshme n\u00eb aksin rrugor &#8220;K\u00eblcyr\u00eb-P\u00ebrmet&#8221;, duke drejtuar automjetin tip furgon n\u00eb gjendje t\u00eb dehur, ka aksidentuar shtetasin R. N., 71 vje\u00e7, banues n\u00eb P\u00ebrmet, i cili po l\u00ebvizte me bi\u00e7iklet\u00eb. Si pasoj\u00eb 71-vje\u00e7ari [&hellip;]<\/p>\n","protected":false},"author":5,"featured_media":72950,"comment_status":"closed","ping_status":"closed","sticky":false,"template":"","format":"standard","meta":{"footnotes":""},"categories":[1,6332,29228],"tags":[36315,36316],"class_list":{"0":"post-87700","1":"post","2":"type-post","3":"status-publish","4":"format-standard","5":"has-post-thumbnail","7":"category-aktualitet","8":"category-te-fundit","9":"category-vendi","10":"tag-arrestohet-36-vjecari-permetar","11":"tag-ishte-i-dehur-ne-timon-dhe-aksidentoi-per-vdekje-71-vjecarin-me-biciklete"},"_links":{"self":[{"href":"https:\/\/jugulajm.net\/index.php?rest_route=\/wp\/v2\/posts\/87700","targetHints":{"allow":["GET"]}}],"collection":[{"href":"https:\/\/jugulajm.net\/index.php?rest_route=\/wp\/v2\/posts"}],"about":[{"href":"https:\/\/jugulajm.net\/index.php?rest_route=\/wp\/v2\/types\/post"}],"author":[{"embeddable":true,"href":"https:\/\/jugulajm.net\/index.php?rest_route=\/wp\/v2\/users\/5"}],"replies":[{"embeddable":true,"href":"https:\/\/jugulajm.net\/index.php?rest_route=%2Fwp%2Fv2%2Fcomments&post=87700"}],"version-history":[{"count":1,"href":"https:\/\/jugulajm.net\/index.php?rest_route=\/wp\/v2\/posts\/87700\/revisions"}],"predecessor-version":[{"id":87701,"href":"https:\/\/jugulajm.net\/index.php?rest_route=\/wp\/v2\/posts\/87700\/revisions\/87701"}],"wp:featuredmedia":[{"embeddable":true,"href":"https:\/\/jugulajm.net\/index.php?rest_route=\/wp\/v2\/media\/72950"}],"wp:attachment":[{"href":"https:\/\/jugulajm.net\/index.php?rest_route=%2Fwp%2Fv2%2Fmedia&parent=87700"}],"wp:term":[{"taxonomy":"category","embeddable":true,"href":"https:\/\/jugulajm.net\/index.php?rest_route=%2Fwp%2Fv2%2Fcategories&post=87700"},{"taxonomy":"post_tag","embeddable":true,"href":"https:\/\/jugulajm.net\/index.php?rest_route=%2Fwp%2Fv2%2Ftags&post=87700"}],"curies":[{"name":"wp","href":"https:\/\/api.w.org\/{rel}","templated":true}]}}