{"id":87646,"date":"2025-05-22T19:53:27","date_gmt":"2025-05-22T17:53:27","guid":{"rendered":"https:\/\/jugulajm.net\/?p=87646"},"modified":"2025-05-22T19:53:27","modified_gmt":"2025-05-22T17:53:27","slug":"spak-rendon-poziten-e-veliajt-dhe-xoxes-u-sekuestron-shtepine-te-kodra-e-diellit","status":"publish","type":"post","link":"https:\/\/jugulajm.net\/?p=87646","title":{"rendered":"SPAK r\u00ebndon pozit\u00ebn e Veliajt dhe Xox\u00ebs, u sekuestron sht\u00ebpin\u00eb te \u201cKodra e Diellit\u201d"},"content":{"rendered":"<p>Prokuroria e Posa\u00e7me kund\u00ebr Korrupsionit dhe Krimit t\u00eb Organizuar ka dal\u00eb me nj\u00eb tjet\u00ebr mas\u00eb ndaj kryebashkiakut t\u00eb Tiran\u00ebs, Erion Veliaj dhe bashk\u00ebshortes s\u00eb tij, Ajola Xoxa. N\u00eb vijim t\u00eb hetimit, SPAK njoftoi pasditen e sotme se ka regjistruar nj\u00eb procedim penal ndaj tyre, pasi \u00ebsht\u00eb arritur n\u00eb p\u00ebrfundimin se ekzistojn\u00eb t\u00eb dh\u00ebna konkrete q\u00eb ngren\u00eb dyshime t\u00eb arsyeshme mbi pasuri t\u00eb padeklaruara, t\u00eb lidhura me \u00e7iftin, pran\u00eb rezidenc\u00ebs \u201cKodra e Diellit\u201d, ku ata jetojn\u00eb aktualisht. Si rezultat, Gjykata e Posa\u00e7me ka vendosur mas\u00ebn e sigurimit pasuror \u201csekuestro preventive\u201d mbi pasurit\u00eb n\u00eb fjal\u00eb, t\u00eb regjistruara n\u00eb em\u00ebr t\u00eb nj\u00eb subjekti tregtar. Ky zhvillim vjen n\u00eb kuad\u00ebr t\u00eb hetimeve m\u00eb t\u00eb gjera p\u00ebr korrupsion t\u00eb nivelit t\u00eb lart\u00eb dhe pastrim parash.<\/p>\n<p><strong>Njoftimi i plot\u00eb i SPAK:<\/strong><\/p>\n<p><em>Prokuroria e Posa\u00e7me kund\u00ebr Korrupsionit dhe Krimit t\u00eb Organizuar ka regjistruar procedimin penal Nr. 27 t\u00eb vitit 2024, q\u00eb b\u00ebn fjal\u00eb p\u00ebr veprat penale t\u00eb \u201cKorrupsioni pasiv i funksionar\u00ebve t\u00eb lart\u00eb shtet\u00ebror\u00eb ose i t\u00eb zgjedhurve vendor\u00eb\u201d, \u201cKorrupsioni aktiv i funksionar\u00ebve t\u00eb lart\u00eb shtet\u00ebrore ose t\u00eb zgjedhurve vendor\u00eb\u201d, \u201cPastrimi i produkteve t\u00eb vepr\u00ebs penale ose veprimtaris\u00eb kriminale\u201d, \u201cRefuzimi p\u00ebr deklarimin, mosdeklarimi, fshehja ose deklarimi i rrem\u00eb i pasurive, interesave privat\u00eb t\u00eb personave t\u00eb zgjedhur dhe n\u00ebpun\u00ebsve publik\u00eb ose i \u00e7do personi tjet\u00ebr q\u00eb ka detyrimin ligjor p\u00ebr deklarim\u201d, \u201cDeklaratat e rreme\u00a0 p\u00ebrpara oficerit t\u00eb policis\u00eb gjyq\u00ebsore\u201d dhe \u201cVeprime q\u00eb pengojn\u00eb zbulimin e s\u00eb v\u00ebrtet\u00ebs\u201d,\u00a0 parashikuar nga neni 260, 245, 287\/2, 257\/a\/2, 305\/b e 301 i Kodit Penal.\u00a0<\/em><\/p>\n<p><em>Pas kryerjes s\u00eb veprimeve hetimore n\u00eb kuad\u00ebr t\u00eb k\u00ebtij procedimi penal, Prokuroria e Posa\u00e7me ka arritur n\u00eb konkluzionin se ekzistojn\u00eb t\u00eb dh\u00ebna konkrete q\u00eb t\u00eb \u00e7ojn\u00eb n\u00eb dyshimin e arsyesh\u00ebm se shtetasit n\u00ebn hetim Erion Veliaj\u00a0 dhe Ajola Xoxa kan\u00eb konsumuar edhe element\u00ebt e vepr\u00ebs penale t\u00eb \u201cRefuzimi p\u00ebr deklarimin, mosdeklarimi, fshehja ose deklarimi i rrem\u00eb i pasurive, interesave privat\u00eb t\u00eb personave t\u00eb zgjedhur dhe n\u00ebpun\u00ebsve publik\u00eb ose i \u00e7do personi tjet\u00ebr q\u00eb ka detyrimin ligjor p\u00ebr deklarim\u201d, parashikuar nga neni 257\/a\/2 i Kodit Penal. P\u00ebr k\u00ebt\u00eb shkak, m\u00eb dat\u00eb 20.05.2025 emrat e k\u00ebtyre shtetasve jan\u00eb regjistruar n\u00eb regjistrin e njoftimit t\u00eb veprave penale, duke i atribuuar vepr\u00ebn penale cituar m\u00eb lart.<\/em><\/p>\n<p><em>N\u00eb\u00a0 vijim, me k\u00ebrkes\u00ebn e Prokuroris\u00eb s\u00eb Posa\u00e7me t\u00eb dat\u00ebs 20.05.2025, Gjykata e Posa\u00e7me e Shkall\u00ebs s\u00eb Par\u00eb p\u00ebr Korrupsionin dhe Krimin e Organizuar me vendimin Nr. 342 Akti dat\u00eb 22.05.2025 ka vendosur:<\/em><\/p>\n<p><em>1. Caktimin e mas\u00ebs s\u00eb sigurimit pasuror \u201csekuestro preventive\u201d, mbi pasurin\u00eb e paluajtshme:<\/em><\/p>\n<p><em>Pasuria nr. dhe shtes\u00eb me num\u00ebr pasurie, \u200fregjistruar n\u00eb ASHK\u00a0 n\u00eb em\u00ebr t\u00eb subjektit tregtar \u201cA. K.\u201d shpk;<\/em><\/p>\n<p><em>Nga t\u00eb dh\u00ebnat konkrete t\u00eb mbledhura deri n\u00eb k\u00ebt\u00eb faz\u00eb t\u00eb hetimit paraprak, ekziston dyshimi i arsyesh\u00ebm i bazuar n\u00eb prova se shtetasit n\u00ebn hetim Erion Veliaj\u00a0 dhe Ajola Xoxa kan\u00eb interesa pasurore faktike mbi dy pasuri (nj\u00ebra prej t\u00eb cilave shtes\u00eb pasurie), t\u00eb cilat jan\u00eb fqinje me apartamentin q\u00eb ndodhet n\u00eb Selit\u00eb, (rezidenca Kodra e Diellit), ku aktualisht k\u00ebta shtetas jetojn\u00eb.<\/em><\/p>\n","protected":false},"excerpt":{"rendered":"<p>Prokuroria e Posa\u00e7me kund\u00ebr Korrupsionit dhe Krimit t\u00eb Organizuar ka dal\u00eb me nj\u00eb tjet\u00ebr mas\u00eb ndaj kryebashkiakut t\u00eb Tiran\u00ebs, Erion Veliaj dhe bashk\u00ebshortes s\u00eb tij, Ajola Xoxa. N\u00eb vijim t\u00eb hetimit, SPAK njoftoi pasditen e sotme se ka regjistruar nj\u00eb procedim penal ndaj tyre, pasi \u00ebsht\u00eb arritur n\u00eb p\u00ebrfundimin se ekzistojn\u00eb t\u00eb dh\u00ebna konkrete q\u00eb [&hellip;]<\/p>\n","protected":false},"author":5,"featured_media":82393,"comment_status":"closed","ping_status":"closed","sticky":false,"template":"","format":"standard","meta":{"footnotes":""},"categories":[1,6326,6332],"tags":[36291,36292],"class_list":{"0":"post-87646","1":"post","2":"type-post","3":"status-publish","4":"format-standard","5":"has-post-thumbnail","7":"category-aktualitet","8":"category-politike","9":"category-te-fundit","10":"tag-spak-rendon-poziten-e-veliajt-dhe-xoxes","11":"tag-u-sekuestron-shtepine-te-kodra-e-diellit"},"_links":{"self":[{"href":"https:\/\/jugulajm.net\/index.php?rest_route=\/wp\/v2\/posts\/87646","targetHints":{"allow":["GET"]}}],"collection":[{"href":"https:\/\/jugulajm.net\/index.php?rest_route=\/wp\/v2\/posts"}],"about":[{"href":"https:\/\/jugulajm.net\/index.php?rest_route=\/wp\/v2\/types\/post"}],"author":[{"embeddable":true,"href":"https:\/\/jugulajm.net\/index.php?rest_route=\/wp\/v2\/users\/5"}],"replies":[{"embeddable":true,"href":"https:\/\/jugulajm.net\/index.php?rest_route=%2Fwp%2Fv2%2Fcomments&post=87646"}],"version-history":[{"count":1,"href":"https:\/\/jugulajm.net\/index.php?rest_route=\/wp\/v2\/posts\/87646\/revisions"}],"predecessor-version":[{"id":87647,"href":"https:\/\/jugulajm.net\/index.php?rest_route=\/wp\/v2\/posts\/87646\/revisions\/87647"}],"wp:featuredmedia":[{"embeddable":true,"href":"https:\/\/jugulajm.net\/index.php?rest_route=\/wp\/v2\/media\/82393"}],"wp:attachment":[{"href":"https:\/\/jugulajm.net\/index.php?rest_route=%2Fwp%2Fv2%2Fmedia&parent=87646"}],"wp:term":[{"taxonomy":"category","embeddable":true,"href":"https:\/\/jugulajm.net\/index.php?rest_route=%2Fwp%2Fv2%2Fcategories&post=87646"},{"taxonomy":"post_tag","embeddable":true,"href":"https:\/\/jugulajm.net\/index.php?rest_route=%2Fwp%2Fv2%2Ftags&post=87646"}],"curies":[{"name":"wp","href":"https:\/\/api.w.org\/{rel}","templated":true}]}}