{"id":87355,"date":"2025-05-14T10:02:38","date_gmt":"2025-05-14T08:02:38","guid":{"rendered":"https:\/\/jugulajm.net\/?p=87355"},"modified":"2025-05-14T10:02:38","modified_gmt":"2025-05-14T08:02:38","slug":"greqi-termet-i-fuqishem-me-magnitude-61-ja-se-ku","status":"publish","type":"post","link":"https:\/\/jugulajm.net\/?p=87355","title":{"rendered":"Greqi, t\u00ebrmet i fuqish\u00ebm me magnitud\u00eb 6,1, ja se ku&#8230;"},"content":{"rendered":"<p>Nj\u00eb t\u00ebrmet i fuqish\u00ebm me magnitud\u00eb 6,1 t\u00eb shkall\u00ebs Rihter \u00ebsht\u00eb regjistruar n\u00eb or\u00ebn 01:50 t\u00eb m\u00ebngjesit t\u00eb s\u00eb m\u00ebrkur\u00ebs n\u00eb zon\u00ebn detare mes ishujve t\u00eb Kret\u00ebs, Kasos dhe Karpathos duke shkaktuar shqet\u00ebsim tek banor\u00ebt.<\/p>\n<p>T\u00ebrmeti shkaktoi shqet\u00ebsim te banor\u00ebt e ishujve t\u00eb Egjeut jugor dhe n\u00eb Kret\u00ebn lindore, ku u ndje ve\u00e7an\u00ebrisht ,megjith\u00ebse epiqendra e tij ishte n\u00eb nj\u00eb thell\u00ebsi prej 60 km. .<\/p>\n<p>Ai u ndje gjithashtu n\u00eb disa zona t\u00eb Atik\u00ebs dhe p\u00ebrgjat\u00eb bregdetit t\u00eb Turqis\u00eb. Nuk ka raportime p\u00ebr t\u00eb l\u00ebnduar apo p\u00ebr d\u00ebme materiale, nd\u00ebrsa sizmolog\u00ebt shprehen se pavar\u00ebsisht fuqis\u00eb s\u00eb l\u00ebkundjes, nuk do t\u00eb ket\u00eb t\u00ebrmete t\u00eb tjera.<\/p>\n<p>Nd\u00ebrkoh\u00eb n\u00ebp\u00ebrmjet numrit 112 \u00ebsht\u00eb d\u00ebrguar mesazh tek banor\u00ebt me paralajm\u00ebrim p\u00ebr cunami dhe k\u00ebrkes\u00eb q\u00eb t\u00eb largoheshin nga brigjet.<\/p>\n<p>Kreu i OASP (Organizata p\u00ebr Planifikimin Antisizmik) Efthymios Lekkas theksoi se b\u00ebhet fjal\u00eb p\u00ebr nj\u00eb t\u00ebrmet q\u00eb ndodhi pik\u00ebrisht mbi harkun grek, pra n\u00eb vendin ku p\u00ebrplasen pllakat tektonike evropiane dhe afrikane dhe se nuk ka asnj\u00eb lidhje absolutisht me t\u00ebrmetet n\u00eb Santorini apo me t\u00ebrmetin q\u00eb ndodhi n\u00eb Turqi.<\/p>\n<p>Pavar\u00ebsisht distanc\u00ebs relativisht t\u00eb madhe t\u00eb Iraklios nga epiqendra, t\u00ebrmeti u ndje si tre \u201cval\u00eb\u201d me intensitet t\u00eb ndrysh\u00ebm dhe me ndjesin\u00eb e zgjatjes p\u00ebr t\u00eb pakt\u00ebn 15 sekonda.<\/p>\n","protected":false},"excerpt":{"rendered":"<p>Nj\u00eb t\u00ebrmet i fuqish\u00ebm me magnitud\u00eb 6,1 t\u00eb shkall\u00ebs Rihter \u00ebsht\u00eb regjistruar n\u00eb or\u00ebn 01:50 t\u00eb m\u00ebngjesit t\u00eb s\u00eb m\u00ebrkur\u00ebs n\u00eb zon\u00ebn detare mes ishujve t\u00eb Kret\u00ebs, Kasos dhe Karpathos duke shkaktuar shqet\u00ebsim tek banor\u00ebt. T\u00ebrmeti shkaktoi shqet\u00ebsim te banor\u00ebt e ishujve t\u00eb Egjeut jugor dhe n\u00eb Kret\u00ebn lindore, ku u ndje ve\u00e7an\u00ebrisht ,megjith\u00ebse epiqendra [&hellip;]<\/p>\n","protected":false},"author":5,"featured_media":53407,"comment_status":"closed","ping_status":"closed","sticky":false,"template":"","format":"standard","meta":{"footnotes":""},"categories":[1,6332],"tags":[36165,26537,20740,36164],"class_list":{"0":"post-87355","1":"post","2":"type-post","3":"status-publish","4":"format-standard","5":"has-post-thumbnail","7":"category-aktualitet","8":"category-te-fundit","9":"tag-36165","10":"tag-greqi","11":"tag-ja-se-ku","12":"tag-termet-i-fuqishem-me-magnitude-6"},"_links":{"self":[{"href":"https:\/\/jugulajm.net\/index.php?rest_route=\/wp\/v2\/posts\/87355","targetHints":{"allow":["GET"]}}],"collection":[{"href":"https:\/\/jugulajm.net\/index.php?rest_route=\/wp\/v2\/posts"}],"about":[{"href":"https:\/\/jugulajm.net\/index.php?rest_route=\/wp\/v2\/types\/post"}],"author":[{"embeddable":true,"href":"https:\/\/jugulajm.net\/index.php?rest_route=\/wp\/v2\/users\/5"}],"replies":[{"embeddable":true,"href":"https:\/\/jugulajm.net\/index.php?rest_route=%2Fwp%2Fv2%2Fcomments&post=87355"}],"version-history":[{"count":1,"href":"https:\/\/jugulajm.net\/index.php?rest_route=\/wp\/v2\/posts\/87355\/revisions"}],"predecessor-version":[{"id":87356,"href":"https:\/\/jugulajm.net\/index.php?rest_route=\/wp\/v2\/posts\/87355\/revisions\/87356"}],"wp:featuredmedia":[{"embeddable":true,"href":"https:\/\/jugulajm.net\/index.php?rest_route=\/wp\/v2\/media\/53407"}],"wp:attachment":[{"href":"https:\/\/jugulajm.net\/index.php?rest_route=%2Fwp%2Fv2%2Fmedia&parent=87355"}],"wp:term":[{"taxonomy":"category","embeddable":true,"href":"https:\/\/jugulajm.net\/index.php?rest_route=%2Fwp%2Fv2%2Fcategories&post=87355"},{"taxonomy":"post_tag","embeddable":true,"href":"https:\/\/jugulajm.net\/index.php?rest_route=%2Fwp%2Fv2%2Ftags&post=87355"}],"curies":[{"name":"wp","href":"https:\/\/api.w.org\/{rel}","templated":true}]}}