{"id":87282,"date":"2025-05-09T18:04:36","date_gmt":"2025-05-09T16:04:36","guid":{"rendered":"https:\/\/jugulajm.net\/?p=87282"},"modified":"2025-05-09T18:28:23","modified_gmt":"2025-05-09T16:28:23","slug":"heqja-e-non-grates-e-z-berisha-jo-thjeshte-fitore-personale-por-fitore-dhe-nje-moment-historik-per-shqiperine","status":"publish","type":"post","link":"https:\/\/jugulajm.net\/?p=87282","title":{"rendered":"Heqja e \u201cNon Grat\u00ebs\u201d e Berish\u00ebs, jo thjesht\u00eb fitore personale, por fitore dhe nj\u00eb moment historik p\u00ebr Shqip\u00ebrin\u00eb"},"content":{"rendered":"<p><strong>Nga Fejzo Subashi-09\/05\/2025<\/strong><\/p>\n<p>Nuk e shoh heqjen e &#8220;non grat\u00ebs&#8221; si nj\u00eb fitore thjesht\u00eb personale t\u00eb Sali Berish\u00ebs, apo t\u00eb Partis\u00eb Demokratike dhe t\u00eb formacionit t\u00eb tij politik q\u00eb kryeson. Aq m\u00eb pak ta shikoj si fitore t\u00eb Z. Berisha ndaj Z, Rama, pasi k\u00ebt\u00eb fitoren e luft\u00ebs midis tyre e vendosin qytetar\u00ebt m\u00eb vot\u00ebn e tyre n\u00eb 11 Maji. Por n\u00eb optik\u00ebn time si qytetare, gazetar, person publik k\u00ebt\u00eb proces, qasje dhe sjellje t\u00eb aleatit dhe mikut m\u00eb t\u00eb madh t\u00eb Kombit Shqiptar n\u00eb lidhje me procesin e &#8220;non grat\u00ebs&#8221; n\u00eb interes t\u00eb Z. Berisha m\u00eb shum\u00eb sesa personal e shikoj dhe ka interes komb\u00ebtare dhe kjo \u00ebsht\u00eb nj\u00eb fitore p\u00ebr Shqip\u00ebrin\u00eb. Ky \u00ebsht\u00eb nj\u00eb progres i marr\u00ebdh\u00ebnieve midis Shqip\u00ebris\u00eb dhe SHBA-s\u00eb, nj\u00eb zhvillim q\u00eb duhet par\u00eb jasht\u00eb kontekstit t\u00eb duelit politik dhe q\u00eb meriton t\u00eb lexohet si nj\u00eb hap p\u00ebr normalizimin e marr\u00ebdh\u00ebnieve tona me nj\u00eb aleat strategjik si\u00e7 jan\u00eb Shtetet e Bashkuara t\u00eb Amerik\u00ebs. Jo un\u00eb, por as edhe nj\u00eb shqiptar n\u00ebse ndjehet i till\u00eb, kudo qoft\u00eb, i kujto komuniteti dhe krahin\u00eb qoft\u00eb, pavar\u00ebsisht p\u00ebrkat\u00ebsis\u00eb s\u00eb tij politike, kurr\u00eb nuk ndjehet mir\u00eb dhe aq m\u00eb shum\u00eb t\u00eb g\u00ebzohet dhe t\u00eb lumturohet kur: Jo ish Kryeministri, Presidenti i vendit, lideri i Opozit\u00ebs dhe aktori dhe faktori kryesor i proceseve demokratike n\u00eb Shqip\u00ebri, por edhe sikur nj\u00eb qytetar i thjesht\u00eb t\u00eb shpall\u00ebt &#8220;non grat\u00ebs&#8221; nga miku dhe aleati m\u00eb i mir\u00eb i Shqip\u00ebris\u00eb Shtetet e Bashkuara t\u00eb Amerik\u00ebs.<br \/>\nMbar\u00eb Kombi Shqiptar, e sidomos vendi yn\u00eb, sot m\u00eb shum\u00eb se kurr\u00eb, ka nevoj\u00eb p\u00ebr nj\u00eb klas\u00eb politike dhe politikan\u00eb q\u00eb nuk \u00ebsht\u00eb peng i akuzave nd\u00ebrkomb\u00ebtare. Ne kemi nevoj\u00eb t\u00eb domosdoshme p\u00ebr p\u00ebrfaq\u00ebsues dinjitoz\u00eb, personalitete t\u00eb cil\u00ebt p\u00ebrfaq\u00ebsojn\u00eb vendin dhe Kombin, q\u00eb t\u00eb ulen me dinjitet n\u00eb tryezat m\u00eb t\u00eb r\u00ebnd\u00ebsishme globale, rajonale, p\u00ebr kontakte, bashk\u00ebpunim, indice dhe konsolidim marr\u00ebdh\u00ebnie, marr\u00ebveshje dhe bashk\u00ebpunimi me personalitete dhe p\u00ebrfaq\u00ebsues t\u00eb vendeve dhe organizata dhe organizma nd\u00ebrkomb\u00ebtare. Mbar\u00eb Kombi Shqiptar, e sidomos vendi yn\u00eb sot m\u00eb shum\u00eb se kurr\u00eb ka nevoj\u00eb p\u00ebr nj\u00eb klas\u00eb politike dhe politikan\u00eb q\u00eb nuk jan\u00eb barr\u00eb p\u00ebr vendin q\u00eb p\u00ebrfaq\u00ebsojn\u00eb n\u00eb marr\u00ebveshje dhe kontakte bashk\u00ebpunimi me \u00e7do vend dhe aleat, organizata dhe organizma nd\u00ebrkomb\u00ebtar. N\u00eb k\u00ebt\u00eb kuptim, \u00e7do hap q\u00eb shkon drejt sqarimit t\u00eb k\u00ebtyre \u00e7\u00ebshtjeve, drejt rivendosjes s\u00eb marr\u00ebdh\u00ebnieve dhe reputacionit t\u00eb vendit ton\u00eb, \u00ebsht\u00eb nj\u00eb lajm i mir\u00eb p\u00ebr t\u00eb gjith\u00eb shqiptar\u00ebt, pa dallim bindjeje politike.<br \/>\nDuhet t\u00eb jemi t\u00eb bindur, t\u00eb kthjellt\u00eb dhe ta kemi t\u00eb qart\u00eb se: nuk e nd\u00ebrton dinjitetin komb\u00ebtar nj\u00eb njeri i vet\u00ebm, por vet\u00eb marr\u00ebdh\u00ebniet q\u00eb vendi yn\u00eb nd\u00ebrton dhe forcon me partner\u00ebt m\u00eb t\u00eb r\u00ebnd\u00ebsish\u00ebm n\u00eb Per\u00ebndim.<\/p>\n<p>Prandaj, n\u00eb vend arritjeve dhe t\u00eb festimeve t\u00eb ngushta personale, familjare si dhe ato t\u00eb familjes politike dhe impaktit t\u00eb mb\u00ebshtet\u00ebs dhe simpatizant\u00eb p\u00ebr ket\u00eb arritje, n\u00eb realitet ky \u00ebsht\u00eb moment reflektimi si qytetar, p\u00ebrfaq\u00ebsues, person politik, publik n\u00eb rang komb\u00ebtar: p\u00ebr t\u00eb kuptuar se \u00e7far\u00eb standardesh na duhen, \u00e7far\u00eb pasqyre i japim Bot\u00ebs dhe si do t\u00eb duket nes\u00ebr udh\u00ebheqja jon\u00eb n\u00eb syt\u00eb e aleat\u00ebve tan\u00eb m\u00eb t\u00eb fort\u00eb.<br \/>\nShqip\u00ebrin\u00eb, kjo nuk \u00ebsht\u00eb nj\u00eb kthes\u00eb e vog\u00ebl. \u00cbsht\u00eb nj\u00eb ftes\u00eb p\u00ebr t\u00eb dal\u00eb nga logjika e konflikteve t\u00eb pafundme dhe p\u00ebr t\u2019u p\u00ebrqendruar n\u00eb at\u00eb q\u00eb i duhet kombit: p\u00ebrfaq\u00ebsues t\u00eb past\u00ebr, marr\u00ebdh\u00ebnie t\u00eb qarta dhe nj\u00eb vend q\u00eb respektohet, jo p\u00ebr shkak t\u00eb p\u00ebrkthimeve politike, por p\u00ebr shkak t\u00eb dinjitetit institucional. Leksion m\u00eb t\u00eb madh p\u00ebr politik\u00ebn dhe klas\u00ebn pulitke, dhe jo vet\u00ebm se ky, nuk ka.<\/p>\n","protected":false},"excerpt":{"rendered":"<p>Nga Fejzo Subashi-09\/05\/2025 Nuk e shoh heqjen e &#8220;non grat\u00ebs&#8221; si nj\u00eb fitore thjesht\u00eb personale t\u00eb Sali Berish\u00ebs, apo t\u00eb Partis\u00eb Demokratike dhe t\u00eb formacionit t\u00eb tij politik q\u00eb kryeson. Aq m\u00eb pak ta shikoj si fitore t\u00eb Z. Berisha ndaj Z, Rama, pasi k\u00ebt\u00eb fitoren e luft\u00ebs midis tyre e vendosin qytetar\u00ebt m\u00eb vot\u00ebn [&hellip;]<\/p>\n","protected":false},"author":5,"featured_media":87273,"comment_status":"closed","ping_status":"closed","sticky":false,"template":"","format":"standard","meta":{"footnotes":""},"categories":[34865,6326,6332],"tags":[8974,36132],"class_list":{"0":"post-87282","1":"post","2":"type-post","3":"status-publish","4":"format-standard","5":"has-post-thumbnail","7":"category-analiza","8":"category-politike","9":"category-te-fundit","10":"tag-berisha","11":"tag-fejzo-subashi"},"_links":{"self":[{"href":"https:\/\/jugulajm.net\/index.php?rest_route=\/wp\/v2\/posts\/87282","targetHints":{"allow":["GET"]}}],"collection":[{"href":"https:\/\/jugulajm.net\/index.php?rest_route=\/wp\/v2\/posts"}],"about":[{"href":"https:\/\/jugulajm.net\/index.php?rest_route=\/wp\/v2\/types\/post"}],"author":[{"embeddable":true,"href":"https:\/\/jugulajm.net\/index.php?rest_route=\/wp\/v2\/users\/5"}],"replies":[{"embeddable":true,"href":"https:\/\/jugulajm.net\/index.php?rest_route=%2Fwp%2Fv2%2Fcomments&post=87282"}],"version-history":[{"count":2,"href":"https:\/\/jugulajm.net\/index.php?rest_route=\/wp\/v2\/posts\/87282\/revisions"}],"predecessor-version":[{"id":87284,"href":"https:\/\/jugulajm.net\/index.php?rest_route=\/wp\/v2\/posts\/87282\/revisions\/87284"}],"wp:featuredmedia":[{"embeddable":true,"href":"https:\/\/jugulajm.net\/index.php?rest_route=\/wp\/v2\/media\/87273"}],"wp:attachment":[{"href":"https:\/\/jugulajm.net\/index.php?rest_route=%2Fwp%2Fv2%2Fmedia&parent=87282"}],"wp:term":[{"taxonomy":"category","embeddable":true,"href":"https:\/\/jugulajm.net\/index.php?rest_route=%2Fwp%2Fv2%2Fcategories&post=87282"},{"taxonomy":"post_tag","embeddable":true,"href":"https:\/\/jugulajm.net\/index.php?rest_route=%2Fwp%2Fv2%2Ftags&post=87282"}],"curies":[{"name":"wp","href":"https:\/\/api.w.org\/{rel}","templated":true}]}}