{"id":87250,"date":"2025-05-07T15:05:12","date_gmt":"2025-05-07T13:05:12","guid":{"rendered":"https:\/\/jugulajm.net\/?p=87250"},"modified":"2025-05-07T15:05:12","modified_gmt":"2025-05-07T13:05:12","slug":"zgjedhjet-e-11-majit-qeveria-shtyn-afatin-e-vlefshmerise-per-mjetet-e-identifikimit-ja-deri-kur","status":"publish","type":"post","link":"https:\/\/jugulajm.net\/?p=87250","title":{"rendered":"Zgjedhjet e 11-majit\/ Qeveria shtyn afatin e vlefshm\u00ebris\u00eb p\u00ebr mjetet e identifikimit, ja deri kur&#8230;"},"content":{"rendered":"<p>Qeveria ka shtyr\u00eb afatin e vlefshm\u00ebris\u00eb s\u00eb mjeteve t\u00eb identifikimit. Kjo ka ardhur pas k\u00ebrkesave t\u00eb vazhdueshme t\u00eb opozit\u00ebs dhe n\u00eb m\u00ebnyr\u00eb q\u00eb t\u00eb gjith\u00eb shqiptar\u00ebt t\u00eb ken\u00eb mund\u00ebsi t\u00eb votojn\u00eb me 11 maj.<\/p>\n<p>\u201cSipas k\u00ebtij vendimi, afati i vlefshm\u00ebris\u00eb s\u00eb mjeteve t\u00eb identifikimit, let\u00ebrnjoftime elektronike dhe pasaporta biometrike q\u00eb p\u00ebrfundojn\u00eb n\u00eb dat\u00ebn 11 maj 2025 &#8211; shtyhet deri n\u00eb dat\u00ebn 31 maj 2025\u201d, ka deklaruar Ministri i Brendsh\u00ebm, Ervin Hoxha, pas mbledhjes s\u00eb qeveris\u00eb.<\/p>\n<p><strong>Ja deklarata e plot\u00eb:<\/strong><\/p>\n<p>N\u00eb mbledhjen e sotme t\u00eb K\u00ebshillit t\u00eb Ministrave u miratuan dy akte shum\u00eb t\u00eb r\u00ebnd\u00ebsishme p\u00ebr shtyrjen e afatit t\u00eb vlefshm\u00ebris\u00eb s\u00eb dokumenteve t\u00eb identitetit, t\u00eb cilave u ka skaduar ose u p\u00ebrfundon ky afat n\u00eb dat\u00eb 11 maj 2025, p\u00ebr shtetasit me vendbanim brenda territorit t\u00eb Republik\u00ebs s\u00eb Shqip\u00ebris\u00eb.<\/p>\n<p>Nga nj\u00eb analiz\u00eb e t\u00eb dh\u00ebnave, rezulton se jan\u00eb nj\u00eb num\u00ebr i konsideruesh\u00ebm shtetasish me t\u00eb drejt\u00eb vote, t\u00eb cil\u00ebve u ka kaluar apo u skadon afati i vlefshm\u00ebris\u00eb s\u00eb let\u00ebrnjoftimit elektronik dhe pasaportave biometrike deri n\u00eb 11 Maj. K\u00ebto jan\u00eb dokumente t\u00eb domosdoshme p\u00ebr t\u00eb marr\u00eb pjes\u00eb n\u00eb procesin e votimit.<\/p>\n<p>Miratimi i akteve normative merret me q\u00ebllim garantimin e t\u00eb drejt\u00ebs kushtetuese s\u00eb t\u00eb gjith\u00eb shtetasve p\u00ebr t\u00eb votuar pa pengesa, n\u00eb zgjedhjet e p\u00ebrgjithshme parlamentare.<\/p>\n<p>Sipas k\u00ebtij vendimi, afati i vlefshm\u00ebris\u00eb s\u00eb mjeteve t\u00eb identifikimit, let\u00ebrnjoftime elektronike dhe pasaporta biometrike q\u00eb p\u00ebrfundojn\u00eb n\u00eb dat\u00ebn 11 maj 2025 &#8211; shtyhet deri n\u00eb dat\u00ebn 31 maj 2025.<\/p>\n<p>S\u00eb fundmi, subjekte politike i kan\u00eb k\u00ebrkuar KQZ, Ministris\u00eb s\u00eb Brendshme dhe K\u00ebshillit t\u00eb Ministrave, shtyrjen e afatit t\u00eb vlefshm\u00ebris\u00eb s\u00eb dokumenteve t\u00eb skaduara.<\/p>\n<p>B\u00ebjm\u00eb me dije se, n\u00eb janar 2025, KQZ iu drejtua qeveris\u00eb n\u00ebp\u00ebrmjet nj\u00eb k\u00ebrkese lidhur me problemin e vlefshm\u00ebris\u00eb s\u00eb dokumenteve t\u00eb identifikimit p\u00ebr shtetasit q\u00eb jetojn\u00eb jasht\u00eb Shqip\u00ebris\u00eb.<\/p>\n<p>N\u00eb Shkurt 2025 u miratuan Aktet Normative, q\u00eb kishin t\u00eb b\u00ebnin me shtyrjen e afatit t\u00eb vlefshm\u00ebris\u00eb s\u00eb dokumenteve p\u00ebr shtetasit shqiptar\u00eb n\u00eb diaspor\u00eb.<\/p>\n<p>Ministria e Brendshme n\u00eb bashk\u00ebpunim me KQZ, institucionet\u00a0 e var\u00ebsis\u00eb, si Sh\u00ebrbimi i Gjendjes Civile, apo agjencit\u00eb e tjera, kan\u00eb nd\u00ebrmarr\u00eb t\u00eb gjitha masat n\u00eb p\u00ebrmbushje t\u00eb detyrimeve ligjore, p\u00ebr t\u00eb siguruar q\u00eb procesi zgjedhor i 11 Majit t\u00eb zhvillohet n\u00eb m\u00ebnyr\u00eb t\u00eb qet\u00eb dhe pa pengesa p\u00ebr qytetar\u00ebt tan\u00eb jasht\u00eb dhe brenda kufijve.<\/p>\n<p>Jan\u00eb marr\u00eb nd\u00ebrkoh\u00eb t\u00eb gjitha masat p\u00ebr mbar\u00ebvajtjen e procesit zgjedhor nga pik\u00ebpamja e siguris\u00eb. Policia e Shtetit do t\u00eb kaloj\u00eb n\u00eb sh\u00ebrbim t\u00eb p\u00ebrforcuar p\u00ebr t\u00eb p\u00ebrballuar me sukses procesin para, gjat\u00eb dhe pas mbylljes s\u00eb votimit, duke zbatuar me korrekt\u00ebsi ligjin dhe detyrimet q\u00eb rrjedhin nga Kodi Zgjedhor.<\/p>\n<p>Duke p\u00ebrfituar nga ky komunikim, dua t\u00eb b\u00ebj m\u00eb dije gjith\u00eb qytetar\u00ebt, se po punohet intensivisht p\u00ebr t\u00eb garantuar mbar\u00ebvajtjen e aktiviteteve t\u00eb r\u00ebnd\u00ebsishme q\u00eb do t\u00eb mbahen k\u00ebto dit\u00eb n\u00eb Shqip\u00ebri, q\u00eb jan\u00eb \u201cGiro d\u2019Italia\u201d n\u00eb datat 8, 9 dhe 10 maj, si dhe Samiti i Komunitetit Politik Europian, q\u00eb do t\u00eb mbahet m\u00eb 16 maj, n\u00eb Tiran\u00eb.<\/p>\n<p>K\u00ebrkoj mir\u00ebkuptimin e qytetar\u00ebve p\u00ebr bllokimet e detyrueshme n\u00eb l\u00ebvizje dhe qarkullim rrugor, t\u00eb cilat si\u00e7 kan\u00eb nisur t\u00eb njoftohen, do t\u00eb b\u00ebhen publike me detaje nga ana e Drejtoris\u00eb s\u00eb P\u00ebrgjithshme t\u00eb Policis\u00eb s\u00eb Shtetit.<\/p>\n<p>Faleminderit.<\/p>\n","protected":false},"excerpt":{"rendered":"<p>Qeveria ka shtyr\u00eb afatin e vlefshm\u00ebris\u00eb s\u00eb mjeteve t\u00eb identifikimit. Kjo ka ardhur pas k\u00ebrkesave t\u00eb vazhdueshme t\u00eb opozit\u00ebs dhe n\u00eb m\u00ebnyr\u00eb q\u00eb t\u00eb gjith\u00eb shqiptar\u00ebt t\u00eb ken\u00eb mund\u00ebsi t\u00eb votojn\u00eb me 11 maj. \u201cSipas k\u00ebtij vendimi, afati i vlefshm\u00ebris\u00eb s\u00eb mjeteve t\u00eb identifikimit, let\u00ebrnjoftime elektronike dhe pasaporta biometrike q\u00eb p\u00ebrfundojn\u00eb n\u00eb dat\u00ebn 11 maj [&hellip;]<\/p>\n","protected":false},"author":5,"featured_media":87251,"comment_status":"closed","ping_status":"closed","sticky":false,"template":"","format":"standard","meta":{"footnotes":""},"categories":[1,6332,29228],"tags":[26316,36120],"class_list":{"0":"post-87250","1":"post","2":"type-post","3":"status-publish","4":"format-standard","5":"has-post-thumbnail","7":"category-aktualitet","8":"category-te-fundit","9":"category-vendi","10":"tag-ja-deri-kur","11":"tag-zgjedhjet-e-11-majit-qeveria-shtyn-afatin-e-vlefshmerise-per-mjetet-e-identifikimit"},"_links":{"self":[{"href":"https:\/\/jugulajm.net\/index.php?rest_route=\/wp\/v2\/posts\/87250","targetHints":{"allow":["GET"]}}],"collection":[{"href":"https:\/\/jugulajm.net\/index.php?rest_route=\/wp\/v2\/posts"}],"about":[{"href":"https:\/\/jugulajm.net\/index.php?rest_route=\/wp\/v2\/types\/post"}],"author":[{"embeddable":true,"href":"https:\/\/jugulajm.net\/index.php?rest_route=\/wp\/v2\/users\/5"}],"replies":[{"embeddable":true,"href":"https:\/\/jugulajm.net\/index.php?rest_route=%2Fwp%2Fv2%2Fcomments&post=87250"}],"version-history":[{"count":1,"href":"https:\/\/jugulajm.net\/index.php?rest_route=\/wp\/v2\/posts\/87250\/revisions"}],"predecessor-version":[{"id":87252,"href":"https:\/\/jugulajm.net\/index.php?rest_route=\/wp\/v2\/posts\/87250\/revisions\/87252"}],"wp:featuredmedia":[{"embeddable":true,"href":"https:\/\/jugulajm.net\/index.php?rest_route=\/wp\/v2\/media\/87251"}],"wp:attachment":[{"href":"https:\/\/jugulajm.net\/index.php?rest_route=%2Fwp%2Fv2%2Fmedia&parent=87250"}],"wp:term":[{"taxonomy":"category","embeddable":true,"href":"https:\/\/jugulajm.net\/index.php?rest_route=%2Fwp%2Fv2%2Fcategories&post=87250"},{"taxonomy":"post_tag","embeddable":true,"href":"https:\/\/jugulajm.net\/index.php?rest_route=%2Fwp%2Fv2%2Ftags&post=87250"}],"curies":[{"name":"wp","href":"https:\/\/api.w.org\/{rel}","templated":true}]}}