{"id":87233,"date":"2025-05-07T00:17:52","date_gmt":"2025-05-06T22:17:52","guid":{"rendered":"https:\/\/jugulajm.net\/?p=87233"},"modified":"2025-05-07T00:18:49","modified_gmt":"2025-05-06T22:18:49","slug":"video-shehu-e-ristani-tubim-elektoral-ne-dervician-dropulli-i-lene-pas-dore-nga-qeveria-per-12-vite","status":"publish","type":"post","link":"https:\/\/jugulajm.net\/?p=87233","title":{"rendered":"VIDEO\/Shehu e Ristani tubim elektoral n\u00eb Dervician, Dropulli i l\u00ebn\u00eb pas dore nga qeveria p\u00ebr 12 vite"},"content":{"rendered":"<p>Drejtuesi politik i PD p\u00ebr Qarkun e Gjirokastr\u00ebs Prof.Dr. Tritan Shehu n\u00ebn shoq\u00ebrin\u00eb e kandidatit p\u00ebr deputet t\u00eb PD Arben Ristani, takimin elektoral t\u00eb radh\u00ebs e kan\u00eb patur mbr\u00ebmjen e djeshme me banor\u00ebt e Dervicianit n\u00eb Bashkin\u00eb Dropull.<\/p>\n<p>N\u00eb k\u00ebt\u00eb tubim ka qen\u00eb i pranish\u00ebm kryetari i OMONIA Vasil Kajo. Ky i fundit n\u00eb fjal\u00ebn e tij ftoi an\u00ebtar\u00ebsin\u00eb e k\u00ebsaj organizate q\u00eb t\u00eb mb\u00ebshtes\u00eb pa m\u00ebdyshje kandidat\u00ebt p\u00ebr deputet\u00eb t\u00eb ASHM-PD. N\u00eb fjal\u00ebn e vet para banor\u00ebve t\u00eb Dervicianit, zoti Shehu ka thn\u00eb se minoriteti grek n\u00eb Shqip\u00ebri ka qen\u00eb dhe \u00ebsht\u00eb ur\u00eb lidh\u00ebse mes Greqis\u00eb dhe Shqip\u00ebris\u00eb. Juve jeni t\u00eb r\u00ebnd\u00ebsish\u00ebm dhe meritoni t\u00eb trajtoheni me dinjitet-tha ai. P\u00ebr zotin Shehu, Dropulli \u00ebsht\u00eb braktisur nga qeveria ashtu sikurse mbar\u00eb qarku.<\/p>\n<p>Ndaj meriton q\u00eb t\u00eb votojn\u00eb ndryshimin m\u00eb 11 maj. Zoti Shehu tha se qeveria nuk ka b\u00ebr\u00eb asnj\u00eb investim n\u00eb k\u00ebto 12 vite n\u00eb Dropull e sidomos n\u00eb infrastriuktur\u00eb ku banor\u00ebt ende vuajn\u00eb p\u00ebr uj\u00eb t\u00eb pijsh\u00ebm pasi parat\u00eb jan\u00eb grabitur nga lubit\u00eb me n\u00eb krye Lubi Kumbaron e cila \u00ebsht\u00eb nj\u00eb prej shkaqeve t\u00eb shkat\u00ebrrimeve t\u00eb qarkut dhe ushtare e bindur e lubis\u00eb n\u00eb Tiran\u00eb me q\u00ebllim mbajtjen e njer\u00ebzve n\u00eb rvarf\u00ebri dhe pa dinjitet.<\/p>\n<p>N\u00eb fjal\u00ebn e tij kandidati p\u00ebr deputet Arben Ristani \u00ebsht\u00eb ndalur tek zbraz\u00ebtia e Dropullit pasi n\u00eb kontakt me shum\u00eb banor\u00eb t\u00eb tij n\u00ebp\u00ebr fshatra, ka v\u00ebn\u00eb re zbraz\u00ebti dhe prezenc\u00eb vet\u00ebm t\u00eb mosh\u00ebs s\u00eb tret\u00eb e cila \u00ebsht\u00eb e pashpres\u00eb. Ne do t\u00eb b\u00ebjm\u00eb t\u00eb mundur t\u00eb ndryshojm\u00eb qasjen n\u00eb Dropull, do t\u2019u ofrojm\u00eb shpres\u00eb dhe benefite t\u00eb rinjve q\u00eb t\u00eb rikthehen n\u00eb vendlindje-tha ai.<\/p>\n","protected":false},"excerpt":{"rendered":"<p>Drejtuesi politik i PD p\u00ebr Qarkun e Gjirokastr\u00ebs Prof.Dr. Tritan Shehu n\u00ebn shoq\u00ebrin\u00eb e kandidatit p\u00ebr deputet t\u00eb PD Arben Ristani, takimin elektoral t\u00eb radh\u00ebs e kan\u00eb patur mbr\u00ebmjen e djeshme me banor\u00ebt e Dervicianit n\u00eb Bashkin\u00eb Dropull. N\u00eb k\u00ebt\u00eb tubim ka qen\u00eb i pranish\u00ebm kryetari i OMONIA Vasil Kajo. Ky i fundit n\u00eb fjal\u00ebn [&hellip;]<\/p>\n","protected":false},"author":5,"featured_media":87235,"comment_status":"closed","ping_status":"closed","sticky":false,"template":"","format":"video","meta":{"footnotes":""},"categories":[6326,6332,29228,26832],"tags":[35871,36113,21410,20369],"class_list":{"0":"post-87233","1":"post","2":"type-post","3":"status-publish","4":"format-video","5":"has-post-thumbnail","7":"category-politike","8":"category-te-fundit","9":"category-vendi","10":"category-video","11":"tag-arben-ristani","12":"tag-dervician","13":"tag-dropull","14":"tag-tritan-shehu","15":"post_format-post-format-video"},"_links":{"self":[{"href":"https:\/\/jugulajm.net\/index.php?rest_route=\/wp\/v2\/posts\/87233","targetHints":{"allow":["GET"]}}],"collection":[{"href":"https:\/\/jugulajm.net\/index.php?rest_route=\/wp\/v2\/posts"}],"about":[{"href":"https:\/\/jugulajm.net\/index.php?rest_route=\/wp\/v2\/types\/post"}],"author":[{"embeddable":true,"href":"https:\/\/jugulajm.net\/index.php?rest_route=\/wp\/v2\/users\/5"}],"replies":[{"embeddable":true,"href":"https:\/\/jugulajm.net\/index.php?rest_route=%2Fwp%2Fv2%2Fcomments&post=87233"}],"version-history":[{"count":1,"href":"https:\/\/jugulajm.net\/index.php?rest_route=\/wp\/v2\/posts\/87233\/revisions"}],"predecessor-version":[{"id":87234,"href":"https:\/\/jugulajm.net\/index.php?rest_route=\/wp\/v2\/posts\/87233\/revisions\/87234"}],"wp:featuredmedia":[{"embeddable":true,"href":"https:\/\/jugulajm.net\/index.php?rest_route=\/wp\/v2\/media\/87235"}],"wp:attachment":[{"href":"https:\/\/jugulajm.net\/index.php?rest_route=%2Fwp%2Fv2%2Fmedia&parent=87233"}],"wp:term":[{"taxonomy":"category","embeddable":true,"href":"https:\/\/jugulajm.net\/index.php?rest_route=%2Fwp%2Fv2%2Fcategories&post=87233"},{"taxonomy":"post_tag","embeddable":true,"href":"https:\/\/jugulajm.net\/index.php?rest_route=%2Fwp%2Fv2%2Ftags&post=87233"}],"curies":[{"name":"wp","href":"https:\/\/api.w.org\/{rel}","templated":true}]}}