{"id":87183,"date":"2025-05-05T10:25:12","date_gmt":"2025-05-05T08:25:12","guid":{"rendered":"https:\/\/jugulajm.net\/?p=87183"},"modified":"2025-05-05T10:25:12","modified_gmt":"2025-05-05T08:25:12","slug":"dokumenti-foto-berisha-publikon-vendimin-e-gjykates-se-janines-kryetarja-e-gjykates-speciale-irena-gjoka-e-denuar-me-burg","status":"publish","type":"post","link":"https:\/\/jugulajm.net\/?p=87183","title":{"rendered":"DOKUMENTI-FOTO\/ Berisha publikon vendimin e Gjykat\u00ebs s\u00eb Janin\u00ebs: Kryetarja e Gjykat\u00ebs Speciale, Irena Gjoka e d\u00ebnuar me burg"},"content":{"rendered":"<p>Kryetari i Partis\u00eb Demokratike, Sali Berisha, ka publikuar nj\u00eb vendim t\u00eb Gjykat\u00ebs s\u00eb Janin\u00ebs, i cili d\u00ebnon Irena Gjok\u00ebn me 3 muaj burg dhe gjob\u00eb p\u00ebr falsifikim pasaporte dhe vize.<\/p>\n<p>N\u00eb nj\u00eb deklarat\u00eb t\u00eb fort\u00eb p\u00ebrpara ambjenteve t\u00eb SPAK, Berisha e ka cil\u00ebsuar Gjok\u00ebn si &#8220;delikuente t\u00eb paftyr\u00eb&#8221; dhe ka akuzuar Edi Ram\u00ebn dhe regjimin e tij p\u00ebr keqp\u00ebrdorim t\u00eb saj n\u00eb funksionin e kryetares s\u00eb Gjykat\u00ebs Speciale.<\/p>\n<p>Berisha ka k\u00ebrkuar q\u00eb \u00e7do vendim i Irena Gjok\u00ebs t\u00eb konsiderohet i pavlefsh\u00ebm, duke shtuar se ajo \u00ebsht\u00eb p\u00ebrdorur p\u00ebr interesa t\u00eb ngushta politike dhe financiare.<\/p>\n<p><strong>Fjala\u00a0e plot\u00eb:<\/strong><\/p>\n<p>T\u00eb dashur, qytetare dhe qytetar\u00eb shqiptar\u00eb.<\/p>\n<p>Ju do t\u00eb m\u00ebsoni se, njeriu q\u00eb kryesonte Gjykat\u00ebn Speciale t\u00eb shqiptar\u00ebve, ishte nj\u00eb delikuente e paftyr\u00eb, e pa moral, e pa karakter, e d\u00ebnuar me burg n\u00eb vendet fqinj, dhe p\u00ebrdorej si skllave nga Edi Rama dhe regjimi aktual.<\/p>\n<p>Irena me 5 mbiemra, e p\u00ebrfolur p\u00ebr ryshfete gjys\u00ebm milion\u00ebshe, jo n\u00eb nj\u00eb por n\u00eb disa raste, rezulton se n\u00eb vitin 2005 \u00ebsht\u00eb d\u00ebnuar nga kolegji penal i Janin\u00ebs, me burg dhe gjob\u00eb.<br \/>\nKjo monst\u00ebr, n\u00eb vend q\u00eb t\u00eb vuaj\u00eb d\u00ebnimet, \u00ebsht\u00eb lart\u00ebsuar n\u00eb kryetaren e Gjykat\u00ebs Speciale, nga Edi Rama, Taulant Balla dhe \u00ebsht\u00eb keqp\u00ebrdorur n\u00eb shkall\u00eb ekstreme nga Altin Dumani.<\/p>\n<p>Nga viti 2005, vit i d\u00ebnimit t\u00eb saj, t\u00eb cilin e ka fshehur n\u00eb kolektiv, b\u00ebn t\u00eb pavlefshme absolutisht \u00e7do vendim t\u00eb saj, n\u00eb p\u00ebrputhje me vendimet e Gjykat\u00ebs s\u00eb Strasburgut&#8230;<\/p>\n<p>&#8230; Dokument zyrtar dhe me vul\u00eb dhe me firm\u00eb nga Gjykata e Janin\u00ebs s\u00eb Greqis\u00eb, q\u00eb tregon se; P\u00ebr k\u00ebto arsye e d\u00ebnon t\u00eb pandehur\u00ebn t\u00eb shpallur fajtore me burgim 3 muaj dhe gjob\u00eb 1500 euro si dhe shpenzimet gjyq\u00ebsore prej 73 eurosh.<\/p>\n<p>Falsifikim pasaporte a vize, por \u00ebsht\u00eb d\u00ebnuar p\u00ebr falsifikim dhe \u00ebsht\u00eb d\u00ebnuar nga Kolegj Penal dhe jo administrativ.<\/p>\n<p>\u00cbsht\u00eb turpi i turpit t\u00eb Ulsi Manj\u00ebs, t\u00eb k\u00ebtij ministri i cili n\u00eb regjistrimet telefonike rezulton se p\u00ebrve\u00e7 500 mij\u00eb euro nga emigranti, i k\u00ebrkon edhe \u00e7ant\u00eb Luis Vuiton. Dhe emigranti i thot\u00eb, p\u00ebr k\u00eb e do at\u00eb \u00e7ant\u00eb, e dua p\u00ebr zonj\u00ebn thot\u00eb, jo, jo e dua n\u00eb intimitet, por nuk po hyj n\u00eb<\/p>\n<p>intimitete.<\/p>\n<p><strong>Dokumenti shqip:\u00a0<\/strong><\/p>\n<p><img decoding=\"async\" src=\"https:\/\/www.syri.net\/uploads\/syri.net\/images\/2025\/May\/05\/auto_dok_11746430316.jpg\" \/><img decoding=\"async\" src=\"https:\/\/www.syri.net\/uploads\/syri.net\/images\/2025\/May\/05\/auto_dok_21746430328.jpg\" \/><img decoding=\"async\" src=\"https:\/\/www.syri.net\/uploads\/syri.net\/images\/2025\/May\/05\/auto_dok_31746430332.jpg\" \/><img decoding=\"async\" src=\"https:\/\/www.syri.net\/uploads\/syri.net\/images\/2025\/May\/05\/auto_dok_41746430334.jpg\" \/><img decoding=\"async\" src=\"https:\/\/www.syri.net\/uploads\/syri.net\/images\/2025\/May\/05\/auto_dok_51746430337.jpg\" \/> intimitete. <img decoding=\"async\" src=\"https:\/\/www.syri.net\/uploads\/syri.net\/images\/2025\/May\/05\/auto_dok_61746430339.jpg\" \/><\/p>\n<p><strong><img decoding=\"async\" src=\"https:\/\/www.syri.net\/uploads\/syri.net\/images\/2025\/May\/05\/auto_dok_71746430342.jpg\" \/><\/strong><\/p>\n<div class=\"fotogaleri\">\n<div class=\"bx-wrapper\">\n<div class=\"bx-controls bx-has-pager bx-has-controls-direction\">\n<div class=\"bx-controls-direction\"><strong>Dokumenti greqisht: <\/strong><img decoding=\"async\" src=\"https:\/\/www.syri.net\/uploads\/syri.net\/images\/2025\/May\/05\/auto_11746430614.jpg\" alt=\"Image\" \/><\/div>\n<\/div>\n<\/div>\n<\/div>\n<p><img decoding=\"async\" src=\"https:\/\/www.syri.net\/uploads\/syri.net\/images\/2025\/May\/05\/auto_21746430617.jpg\" alt=\"Image\" \/><\/p>\n<p><img decoding=\"async\" src=\"https:\/\/www.syri.net\/uploads\/syri.net\/images\/2025\/May\/05\/auto_31746430619.jpg\" alt=\"Image\" \/><\/p>\n<p><img decoding=\"async\" src=\"https:\/\/www.syri.net\/uploads\/syri.net\/images\/2025\/May\/05\/auto_41746430622.jpg\" alt=\"Image\" \/><\/p>\n<p><img decoding=\"async\" src=\"https:\/\/www.syri.net\/uploads\/syri.net\/images\/2025\/May\/05\/auto_51746430624.jpg\" alt=\"Image\" \/><\/p>\n<p><img decoding=\"async\" src=\"https:\/\/www.syri.net\/uploads\/syri.net\/images\/2025\/May\/05\/auto_61746430626.jpg\" alt=\"Image\" \/><\/p>\n","protected":false},"excerpt":{"rendered":"<p>Kryetari i Partis\u00eb Demokratike, Sali Berisha, ka publikuar nj\u00eb vendim t\u00eb Gjykat\u00ebs s\u00eb Janin\u00ebs, i cili d\u00ebnon Irena Gjok\u00ebn me 3 muaj burg dhe gjob\u00eb p\u00ebr falsifikim pasaporte dhe vize. N\u00eb nj\u00eb deklarat\u00eb t\u00eb fort\u00eb p\u00ebrpara ambjenteve t\u00eb SPAK, Berisha e ka cil\u00ebsuar Gjok\u00ebn si &#8220;delikuente t\u00eb paftyr\u00eb&#8221; dhe ka akuzuar Edi Ram\u00ebn dhe regjimin [&hellip;]<\/p>\n","protected":false},"author":5,"featured_media":87184,"comment_status":"closed","ping_status":"closed","sticky":false,"template":"","format":"standard","meta":{"footnotes":""},"categories":[1,6332],"tags":[36098,36099],"class_list":{"0":"post-87183","1":"post","2":"type-post","3":"status-publish","4":"format-standard","5":"has-post-thumbnail","7":"category-aktualitet","8":"category-te-fundit","9":"tag-dokumenti-foto-berisha-publikon-vendimin-e-gjykates-se-janines-kryetarja-e-gjykates-speciale","10":"tag-irena-gjoka-e-denuar-me-burg"},"_links":{"self":[{"href":"https:\/\/jugulajm.net\/index.php?rest_route=\/wp\/v2\/posts\/87183","targetHints":{"allow":["GET"]}}],"collection":[{"href":"https:\/\/jugulajm.net\/index.php?rest_route=\/wp\/v2\/posts"}],"about":[{"href":"https:\/\/jugulajm.net\/index.php?rest_route=\/wp\/v2\/types\/post"}],"author":[{"embeddable":true,"href":"https:\/\/jugulajm.net\/index.php?rest_route=\/wp\/v2\/users\/5"}],"replies":[{"embeddable":true,"href":"https:\/\/jugulajm.net\/index.php?rest_route=%2Fwp%2Fv2%2Fcomments&post=87183"}],"version-history":[{"count":1,"href":"https:\/\/jugulajm.net\/index.php?rest_route=\/wp\/v2\/posts\/87183\/revisions"}],"predecessor-version":[{"id":87185,"href":"https:\/\/jugulajm.net\/index.php?rest_route=\/wp\/v2\/posts\/87183\/revisions\/87185"}],"wp:featuredmedia":[{"embeddable":true,"href":"https:\/\/jugulajm.net\/index.php?rest_route=\/wp\/v2\/media\/87184"}],"wp:attachment":[{"href":"https:\/\/jugulajm.net\/index.php?rest_route=%2Fwp%2Fv2%2Fmedia&parent=87183"}],"wp:term":[{"taxonomy":"category","embeddable":true,"href":"https:\/\/jugulajm.net\/index.php?rest_route=%2Fwp%2Fv2%2Fcategories&post=87183"},{"taxonomy":"post_tag","embeddable":true,"href":"https:\/\/jugulajm.net\/index.php?rest_route=%2Fwp%2Fv2%2Ftags&post=87183"}],"curies":[{"name":"wp","href":"https:\/\/api.w.org\/{rel}","templated":true}]}}