{"id":87124,"date":"2025-05-03T09:39:06","date_gmt":"2025-05-03T07:39:06","guid":{"rendered":"https:\/\/jugulajm.net\/?p=87124"},"modified":"2025-05-03T09:39:06","modified_gmt":"2025-05-03T07:39:06","slug":"emri-arrestohet-47-vjecarja-ishte-ne-kerkim-nderkombetar-per","status":"publish","type":"post","link":"https:\/\/jugulajm.net\/?p=87124","title":{"rendered":"EMRI\/ Arrestohet 47-vje\u00e7arja, ishte n\u00eb k\u00ebrkim nd\u00ebrkomb\u00ebtar p\u00ebr&#8230;"},"content":{"rendered":"<p>Drejtoria e Forc\u00ebs s\u00eb Posa\u00e7me Operacionale finalizoi operacionin e radh\u00ebs p\u00ebr kapjen e shtetasve n\u00eb k\u00ebrkim nd\u00ebrkomb\u00ebtar.<\/p>\n<p>\u201cOperacionalja 44\u201d\/E d\u00ebnuar me mbi 9 vjet burgim, si pjes\u00ebtare e nj\u00eb organizate kriminale q\u00eb trafikonte l\u00ebnd\u00eb narkotike, kapet n\u00eb Elbasan, 47-vje\u00e7arja.<\/p>\n<p>Si rezultat i koordinimit t\u00eb pun\u00ebs dhe shk\u00ebmbimit t\u00eb informacioneve, me partner\u00ebt italian\u00eb, n\u00ebp\u00ebrmjet strukturave homologe Interpol Tirana dhe Interpol Roma, sh\u00ebrbimet e Drejtoris\u00eb s\u00eb Forc\u00ebs s\u00eb Posa\u00e7me Operacionale, n\u00eb kuad\u00ebr t\u00eb operacionit \u201cOperacionalja 44\u201d, lokalizuan n\u00eb Elbasan, kap\u00ebn dhe vun\u00eb n\u00eb pranga, me q\u00ebllim ekstradimin n\u00eb Itali, shtetasen:<\/p>\n<p>Majlinda Avduli alias Dajana Tafani, 47 vje\u00e7e, banuese ne Elbasan.<\/p>\n<div class=\"insertion-box\">\n<div class=\"\">\n<div id=\"t6815c63c6f8d8\" data-p=\"100\">Kjo shtetase ishte shpallur n\u00eb k\u00ebrkim nd\u00ebrkomb\u00ebtar nga Interpol Roma, pasi Gjykata e Apelit e Kaliarit, Itali, n\u00eb vitin 2016, e ka d\u00ebnuar me 9 vjet, 6 muaj e 22 dit\u00eb burgim, p\u00ebr vepr\u00ebn penale \u201cTrafikimi i narkotik\u00ebve\u201d, kryer n\u00eb kuad\u00ebr t\u00eb organizat\u00ebs kriminale.<\/div>\n<\/div>\n<\/div>\n<p>Interpol Tirana po bashk\u00ebpunon me homolog\u00ebt n\u00eb Rom\u00eb, p\u00ebr t\u00eb finalizuar ekstradimin e k\u00ebsaj shtetaseje, n\u00eb Itali.<\/p>\n","protected":false},"excerpt":{"rendered":"<p>Drejtoria e Forc\u00ebs s\u00eb Posa\u00e7me Operacionale finalizoi operacionin e radh\u00ebs p\u00ebr kapjen e shtetasve n\u00eb k\u00ebrkim nd\u00ebrkomb\u00ebtar. \u201cOperacionalja 44\u201d\/E d\u00ebnuar me mbi 9 vjet burgim, si pjes\u00ebtare e nj\u00eb organizate kriminale q\u00eb trafikonte l\u00ebnd\u00eb narkotike, kapet n\u00eb Elbasan, 47-vje\u00e7arja. Si rezultat i koordinimit t\u00eb pun\u00ebs dhe shk\u00ebmbimit t\u00eb informacioneve, me partner\u00ebt italian\u00eb, n\u00ebp\u00ebrmjet strukturave homologe [&hellip;]<\/p>\n","protected":false},"author":5,"featured_media":56323,"comment_status":"closed","ping_status":"closed","sticky":false,"template":"","format":"standard","meta":{"footnotes":""},"categories":[1,6332],"tags":[36073,28869],"class_list":{"0":"post-87124","1":"post","2":"type-post","3":"status-publish","4":"format-standard","5":"has-post-thumbnail","7":"category-aktualitet","8":"category-te-fundit","9":"tag-emri-arrestohet-47-vjecarja","10":"tag-ishte-ne-kerkim-nderkombetar-per"},"_links":{"self":[{"href":"https:\/\/jugulajm.net\/index.php?rest_route=\/wp\/v2\/posts\/87124","targetHints":{"allow":["GET"]}}],"collection":[{"href":"https:\/\/jugulajm.net\/index.php?rest_route=\/wp\/v2\/posts"}],"about":[{"href":"https:\/\/jugulajm.net\/index.php?rest_route=\/wp\/v2\/types\/post"}],"author":[{"embeddable":true,"href":"https:\/\/jugulajm.net\/index.php?rest_route=\/wp\/v2\/users\/5"}],"replies":[{"embeddable":true,"href":"https:\/\/jugulajm.net\/index.php?rest_route=%2Fwp%2Fv2%2Fcomments&post=87124"}],"version-history":[{"count":1,"href":"https:\/\/jugulajm.net\/index.php?rest_route=\/wp\/v2\/posts\/87124\/revisions"}],"predecessor-version":[{"id":87125,"href":"https:\/\/jugulajm.net\/index.php?rest_route=\/wp\/v2\/posts\/87124\/revisions\/87125"}],"wp:featuredmedia":[{"embeddable":true,"href":"https:\/\/jugulajm.net\/index.php?rest_route=\/wp\/v2\/media\/56323"}],"wp:attachment":[{"href":"https:\/\/jugulajm.net\/index.php?rest_route=%2Fwp%2Fv2%2Fmedia&parent=87124"}],"wp:term":[{"taxonomy":"category","embeddable":true,"href":"https:\/\/jugulajm.net\/index.php?rest_route=%2Fwp%2Fv2%2Fcategories&post=87124"},{"taxonomy":"post_tag","embeddable":true,"href":"https:\/\/jugulajm.net\/index.php?rest_route=%2Fwp%2Fv2%2Ftags&post=87124"}],"curies":[{"name":"wp","href":"https:\/\/api.w.org\/{rel}","templated":true}]}}