{"id":87078,"date":"2025-05-02T09:21:33","date_gmt":"2025-05-02T07:21:33","guid":{"rendered":"https:\/\/jugulajm.net\/?p=87078"},"modified":"2025-05-02T09:21:53","modified_gmt":"2025-05-02T07:21:53","slug":"video-deputeti-shehu-ne-valare-kandidatet-tane-nuk-krahasohen-fare-me-kandidatet-e-rilindjes-ne-gjirokaster","status":"publish","type":"post","link":"https:\/\/jugulajm.net\/?p=87078","title":{"rendered":"VIDEO\/Deputeti Shehu n\u00eb Valare: Kandidat\u00ebt tan\u00eb nuk krahasohen fare me kandidat\u00ebt e Rilindjes n\u00eb Gjirokast\u00ebr"},"content":{"rendered":"<p>Valareja ka qen\u00eb ndalesa e radh\u00ebs e kandidat\u00ebve p\u00ebr deputet\u00eb t\u00eb PD Qarku Gjirokast\u00ebr.<\/p>\n<p>N\u00ebn entuziaz\u00ebm t\u00eb madh, banor\u00ebt e k\u00ebtij fshati kan\u00eb pritur kandidat\u00ebt e opozit\u00ebs dhe kan\u00eb ofruar mb\u00ebshtetje t\u00eb madhe p\u00ebr fitoren e 11 majit. N\u00eb fjal\u00ebn e tij hap\u00ebse, drejtuesi politik i Qarkut Gjirokast\u00ebr Prof.Dr. Tritan Shehu ka b\u00ebr\u00eb nj\u00eb krahasim t\u00eb shkurt\u00ebr se \u00e7far\u00eb p\u00ebrfaq\u00ebson \u00e7do kandidat i opozit\u00ebs me ofert\u00ebn q\u00eb ka Rilindja p\u00ebr Qarkun e Gjirokastr\u00ebs.<\/p>\n<p>\u201cAta kan\u00eb Lubi Kumbaron q\u00eb personifikon shkat\u00ebrrimin e k\u00ebtij qarku, keqp\u00ebrdorimin e madh t\u00eb njer\u00ebzve, personifikon p\u00ebrfitimet personale p\u00ebr kapitale politike. Ekipi yn\u00eb \u00ebsht\u00eb mjaft larg me p\u00ebrfaq\u00ebsuesit e sektit t\u00eb Rilindjes ku e ka katandisur n\u00eb gjendje t\u00eb mjer\u00eb Qarkun e Gjirokastr\u00ebs\u201d-ka th\u00ebn\u00eb Prof.Dr. Tritan Shehu duke shtuar se programi q\u00eb ofron sot Rilindja p\u00ebr Gjirokastr\u00ebn, \u00ebsht\u00eb shkat\u00ebrrimi i saj ashtu sikurse ka b\u00ebr\u00eb n\u00eb 12 vite.<\/p>\n","protected":false},"excerpt":{"rendered":"<p>Valareja ka qen\u00eb ndalesa e radh\u00ebs e kandidat\u00ebve p\u00ebr deputet\u00eb t\u00eb PD Qarku Gjirokast\u00ebr. N\u00ebn entuziaz\u00ebm t\u00eb madh, banor\u00ebt e k\u00ebtij fshati kan\u00eb pritur kandidat\u00ebt e opozit\u00ebs dhe kan\u00eb ofruar mb\u00ebshtetje t\u00eb madhe p\u00ebr fitoren e 11 majit. N\u00eb fjal\u00ebn e tij hap\u00ebse, drejtuesi politik i Qarkut Gjirokast\u00ebr Prof.Dr. Tritan Shehu ka b\u00ebr\u00eb nj\u00eb krahasim [&hellip;]<\/p>\n","protected":false},"author":5,"featured_media":87080,"comment_status":"closed","ping_status":"closed","sticky":false,"template":"","format":"video","meta":{"footnotes":""},"categories":[6326,6332,29228,26832],"tags":[20323,20369,35912],"class_list":{"0":"post-87078","1":"post","2":"type-post","3":"status-publish","4":"format-video","5":"has-post-thumbnail","7":"category-politike","8":"category-te-fundit","9":"category-vendi","10":"category-video","11":"tag-gjirokaster","12":"tag-tritan-shehu","13":"tag-valare","14":"post_format-post-format-video"},"_links":{"self":[{"href":"https:\/\/jugulajm.net\/index.php?rest_route=\/wp\/v2\/posts\/87078","targetHints":{"allow":["GET"]}}],"collection":[{"href":"https:\/\/jugulajm.net\/index.php?rest_route=\/wp\/v2\/posts"}],"about":[{"href":"https:\/\/jugulajm.net\/index.php?rest_route=\/wp\/v2\/types\/post"}],"author":[{"embeddable":true,"href":"https:\/\/jugulajm.net\/index.php?rest_route=\/wp\/v2\/users\/5"}],"replies":[{"embeddable":true,"href":"https:\/\/jugulajm.net\/index.php?rest_route=%2Fwp%2Fv2%2Fcomments&post=87078"}],"version-history":[{"count":1,"href":"https:\/\/jugulajm.net\/index.php?rest_route=\/wp\/v2\/posts\/87078\/revisions"}],"predecessor-version":[{"id":87079,"href":"https:\/\/jugulajm.net\/index.php?rest_route=\/wp\/v2\/posts\/87078\/revisions\/87079"}],"wp:featuredmedia":[{"embeddable":true,"href":"https:\/\/jugulajm.net\/index.php?rest_route=\/wp\/v2\/media\/87080"}],"wp:attachment":[{"href":"https:\/\/jugulajm.net\/index.php?rest_route=%2Fwp%2Fv2%2Fmedia&parent=87078"}],"wp:term":[{"taxonomy":"category","embeddable":true,"href":"https:\/\/jugulajm.net\/index.php?rest_route=%2Fwp%2Fv2%2Fcategories&post=87078"},{"taxonomy":"post_tag","embeddable":true,"href":"https:\/\/jugulajm.net\/index.php?rest_route=%2Fwp%2Fv2%2Ftags&post=87078"}],"curies":[{"name":"wp","href":"https:\/\/api.w.org\/{rel}","templated":true}]}}