{"id":87058,"date":"2025-05-01T14:49:56","date_gmt":"2025-05-01T12:49:56","guid":{"rendered":"https:\/\/jugulajm.net\/?p=87058"},"modified":"2025-05-01T14:49:56","modified_gmt":"2025-05-01T12:49:56","slug":"arrestohet-42-vjecarja-goditi-me-thike-bashkejetuesen-e-ish-bashkeshortit","status":"publish","type":"post","link":"https:\/\/jugulajm.net\/?p=87058","title":{"rendered":"Arrestohet 42-vje\u00e7arja, goditi me thik\u00eb bashk\u00ebjetuesen e ish-bashk\u00ebshortit"},"content":{"rendered":"<p>Nj\u00eb grua 42-vje\u00e7are \u00ebsht\u00eb arrestuar n\u00eb flagranc\u00eb nga Policia, pasi ka goditur me thik\u00eb bashk\u00ebjetuesen e ish-bashk\u00ebshortit t\u00eb saj.<\/p>\n<p>Ngjarja ka ndodhur n\u00eb fshatin Kam\u00e7isht t\u00eb Beratit.<\/p>\n<p>Sipas informacioneve zyrtare, e arrestuara, shtetasja P. Sh., ka sulmuar fizikisht me mjet prer\u00ebs 41-vje\u00e7aren B. I., pas nj\u00eb konflikti t\u00eb momentit.<\/p>\n<p>41-vje\u00e7arja ka marr\u00eb plag\u00eb, por fatmir\u00ebsisht nuk ndodhet n\u00eb rrezik p\u00ebr jet\u00ebn.<\/p>\n<p>Burime nga policia b\u00ebjn\u00eb me dije se B. I. \u00ebsht\u00eb n\u00ebn hetim penal prej dy dit\u00ebsh p\u00ebr vepr\u00ebn penale \u201cDhuna n\u00eb familje\u201d, pasi dyshohet se ka ushtruar dhun\u00eb ndaj djalit t\u00eb bashk\u00ebjetuesit t\u00eb saj, i cili \u00ebsht\u00eb gjithashtu djali i shtetases P. Sh.<\/p>\n<p>Ndaj 42-vje\u00e7ares r\u00ebndon akuza p\u00ebr \u201cPlagosje e r\u00ebnd\u00eb me dashje\u201d. Materialet i kaluan Prokuroris\u00eb s\u00eb Rrethit Gjyq\u00ebsor Berat p\u00ebr veprime t\u00eb m\u00ebtejshme hetimore.<\/p>\n","protected":false},"excerpt":{"rendered":"<p>Nj\u00eb grua 42-vje\u00e7are \u00ebsht\u00eb arrestuar n\u00eb flagranc\u00eb nga Policia, pasi ka goditur me thik\u00eb bashk\u00ebjetuesen e ish-bashk\u00ebshortit t\u00eb saj. Ngjarja ka ndodhur n\u00eb fshatin Kam\u00e7isht t\u00eb Beratit. Sipas informacioneve zyrtare, e arrestuara, shtetasja P. Sh., ka sulmuar fizikisht me mjet prer\u00ebs 41-vje\u00e7aren B. I., pas nj\u00eb konflikti t\u00eb momentit. 41-vje\u00e7arja ka marr\u00eb plag\u00eb, por fatmir\u00ebsisht [&hellip;]<\/p>\n","protected":false},"author":5,"featured_media":51534,"comment_status":"closed","ping_status":"closed","sticky":false,"template":"","format":"standard","meta":{"footnotes":""},"categories":[1,6332,29228],"tags":[36051,36052],"class_list":{"0":"post-87058","1":"post","2":"type-post","3":"status-publish","4":"format-standard","5":"has-post-thumbnail","7":"category-aktualitet","8":"category-te-fundit","9":"category-vendi","10":"tag-arrestohet-42-vjecarja","11":"tag-goditi-me-thike-bashkejetuesen-e-ish-bashkeshortit"},"_links":{"self":[{"href":"https:\/\/jugulajm.net\/index.php?rest_route=\/wp\/v2\/posts\/87058","targetHints":{"allow":["GET"]}}],"collection":[{"href":"https:\/\/jugulajm.net\/index.php?rest_route=\/wp\/v2\/posts"}],"about":[{"href":"https:\/\/jugulajm.net\/index.php?rest_route=\/wp\/v2\/types\/post"}],"author":[{"embeddable":true,"href":"https:\/\/jugulajm.net\/index.php?rest_route=\/wp\/v2\/users\/5"}],"replies":[{"embeddable":true,"href":"https:\/\/jugulajm.net\/index.php?rest_route=%2Fwp%2Fv2%2Fcomments&post=87058"}],"version-history":[{"count":1,"href":"https:\/\/jugulajm.net\/index.php?rest_route=\/wp\/v2\/posts\/87058\/revisions"}],"predecessor-version":[{"id":87059,"href":"https:\/\/jugulajm.net\/index.php?rest_route=\/wp\/v2\/posts\/87058\/revisions\/87059"}],"wp:featuredmedia":[{"embeddable":true,"href":"https:\/\/jugulajm.net\/index.php?rest_route=\/wp\/v2\/media\/51534"}],"wp:attachment":[{"href":"https:\/\/jugulajm.net\/index.php?rest_route=%2Fwp%2Fv2%2Fmedia&parent=87058"}],"wp:term":[{"taxonomy":"category","embeddable":true,"href":"https:\/\/jugulajm.net\/index.php?rest_route=%2Fwp%2Fv2%2Fcategories&post=87058"},{"taxonomy":"post_tag","embeddable":true,"href":"https:\/\/jugulajm.net\/index.php?rest_route=%2Fwp%2Fv2%2Ftags&post=87058"}],"curies":[{"name":"wp","href":"https:\/\/api.w.org\/{rel}","templated":true}]}}