{"id":86969,"date":"2025-04-29T17:02:30","date_gmt":"2025-04-29T15:02:30","guid":{"rendered":"https:\/\/jugulajm.net\/?p=86969"},"modified":"2025-04-29T17:03:44","modified_gmt":"2025-04-29T15:03:44","slug":"zgjedhjet-ne-shqiperi-2-mediat-e-amerikane-fox-news-dhe-politico-trump-soros-dhe-nje-strateg-i-ri-ne-tirane","status":"publish","type":"post","link":"https:\/\/jugulajm.net\/?p=86969","title":{"rendered":"Zgjedhjet n\u00eb Shqip\u00ebri, 2 mediat e amerikane &#8221;Fox News&#8221;\u00a0dhe\u00a0&#8221;Politico&#8221;: Trump, Soros dhe nj\u00eb strateg i ri n\u00eb Tiran\u00eb"},"content":{"rendered":"<p>Dy media nd\u00ebrkomb\u00ebtare,\u00a0<em>Fox News<\/em>\u00a0dhe\u00a0<em>Politico<\/em>, kan\u00eb hedhur v\u00ebshtrimin mbi aren\u00ebn politike shqiptare n\u00eb prag t\u00eb zgjedhjeve parlamentare, duke e interpretuar p\u00ebrplasjen Rama-Berisha si reflektim t\u00eb tensioneve gjeopolitike q\u00eb tejkalojn\u00eb kufijt\u00eb komb\u00ebtar\u00eb.\u00a0<em>Fox News<\/em>\u00a0paraqet p\u00ebrballjen si nj\u00eb luft\u00eb me tone ideologjike mes ish-Presidentit amerikan Donald Trump dhe filantropit George Soros, nd\u00ebrsa\u00a0<em>Politico<\/em>\u00a0e sheh situat\u00ebn si nj\u00eb pasqyrim t\u00eb f\u00ebrkimeve strategjike mes Bashkimit Europian dhe Shteteve t\u00eb Bashkuara, me ndikim t\u00eb mundsh\u00ebm n\u00eb rrug\u00ebn europiane t\u00eb Shqip\u00ebris\u00eb.<\/p>\n<p>Por ekspert\u00ebt, t\u00eb intervistuar nga Faktoje, e konsiderojn\u00eb k\u00ebt\u00eb krahasim t\u00eb nxitur m\u00eb shum\u00eb nga taktikat elektorale sesa nga realitetet politike, dhe vler\u00ebsojn\u00eb se ai nuk p\u00ebrb\u00ebn k\u00ebrc\u00ebnim real p\u00ebr integrimin europian t\u00eb vendit.<\/p>\n<p><strong>Nj\u00eb P\u00ebrballje \u201cTrump vs Soros\u201d n\u00eb versionin shqiptar?<\/strong><\/p>\n<p>Fox News njihet p\u00ebr nj\u00eb linj\u00eb editoriale konservatore, duke mb\u00ebshtetur shpesh politikan\u00eb dhe politika t\u00eb Partis\u00eb Republikane. Kjo media ka qen\u00eb ve\u00e7an\u00ebrisht mb\u00ebshtet\u00ebse ndaj Donald Trump gjat\u00eb presidenc\u00ebs s\u00eb tij dhe kritike ndaj Partis\u00eb Demokratike dhe mediave liberale.<\/p>\n<p>N\u00eb\u00a0<a href=\"https:\/\/www.foxnews.com\/world\/soros-v-trump-socialists-targets-conservatives-upcoming-european-election\">analiz\u00ebn<\/a>\u00a0e\u00a0<em>Fox News<\/em>\u00a0p\u00ebr zgjedhjet n\u00eb Shqip\u00ebri, autorja Beth Bailey sugjeron se gara politike n\u00eb Shqip\u00ebri \u00ebsht\u00eb kthyer n\u00eb nj\u00eb p\u00ebrfaq\u00ebsim indirekt t\u00eb p\u00ebrplasjes mes Donald Trump dhe George Soros. Ajo thekson pranin\u00eb e Chris LaCivitas, strategut t\u00eb fushat\u00ebs s\u00eb Trump, n\u00eb ekipin e Sali Berish\u00ebs, nd\u00ebrsa rikujton lidhjet e njohura mes kryeministrit Edi Rama dhe familjes Soros.<\/p>\n<figure class=\"wp-block-image size-full\"><a class=\"td-modal-image\" href=\"https:\/\/faktoje.al\/wp-content\/uploads\/2025\/04\/image-8.png\"><img loading=\"lazy\" loading=\"lazy\" decoding=\"async\" class=\"wp-image-49058\" src=\"https:\/\/faktoje.al\/wp-content\/uploads\/2025\/04\/image-8.png\" sizes=\"auto, (max-width: 609px) 100vw, 609px\" srcset=\"https:\/\/faktoje.al\/wp-content\/uploads\/2025\/04\/image-8.png 609w, https:\/\/faktoje.al\/wp-content\/uploads\/2025\/04\/image-8-300x277.png 300w, https:\/\/faktoje.al\/wp-content\/uploads\/2025\/04\/image-8-454x420.png 454w, https:\/\/faktoje.al\/wp-content\/uploads\/2025\/04\/image-8-150x139.png 150w\" alt=\"\" width=\"609\" height=\"563\" data-pin-no-hover=\"true\" \/><\/a><\/figure>\n<p>LaCivitas e p\u00ebrforcoi k\u00ebt\u00eb narrativ\u00eb, duke deklaruar p\u00ebr\u00a0<em>Fox News<\/em>\u00a0se Berisha \u00ebsht\u00eb\u00a0<em>\u201cnj\u00eb mik i v\u00ebrtet\u00eb i Shteteve t\u00eb Bashkuara dhe\u2026 do t\u00eb bashk\u00ebpunonte me sukses me Presidentin Trump dhe Shtetet e Bashkuara\u201d<\/em>, duke e cil\u00ebsuar Ram\u00ebn si \u201ckukull t\u00eb George Soros\u201d.<\/p>\n<p>Marr\u00ebdh\u00ebnia e Ram\u00ebs me Soros \u00ebsht\u00eb e dokumentuar dhe publike. Kryeministri e ka theksuar shpesh af\u00ebrsin\u00eb e tij me George Soros dhe ve\u00e7an\u00ebrisht me t\u00eb birin, Alex Soros, me t\u00eb cilin \u00ebsht\u00eb fotografuar n\u00eb m\u00ebnyr\u00eb t\u00eb p\u00ebrs\u00ebritur gjat\u00eb viteve t\u00eb fundit.<\/p>\n<p>Megjithat\u00eb, p\u00ebr analist\u00ebt politik\u00eb shqiptar\u00eb, ky paraleliz\u00ebm \u00ebsht\u00eb artificial. Sipas Adrian Shtunit, ekspert i politik\u00ebs nd\u00ebrkomb\u00ebtare dhe botues, q\u00ebllimi i Berish\u00ebs p\u00ebr t\u2019u pozicionuar n\u00eb t\u00eb nj\u00ebjt\u00ebn linj\u00eb me Trump \u00ebsht\u00eb i qart\u00eb dhe i q\u00ebllimsh\u00ebm: \u201c<em>Ai huazon slogane dhe mesazhe politike pothuajse identike,<\/em>\u201d thot\u00eb Shtuni, duke n\u00ebnvizuar tri arsye ky\u00e7e pas k\u00ebsaj strategjie.<\/p>\n<p>S\u00eb pari, sipas tij, \u00ebsht\u00eb d\u00ebshira p\u00ebr t\u00eb replikuar n\u00eb Shqip\u00ebri fitoren e Trump n\u00eb SHBA:\u00a0<em>\u201cN\u00ebse ka funksionuar p\u00ebr republikan\u00ebt n\u00eb SHBA, duhet t\u00eb funksionoj\u00eb edhe n\u00eb Shqip\u00ebri p\u00ebr t\u00eb djatht\u00ebn.<\/em>\u201d N\u00eb fakt, n\u00eb zgjedhjet presidenciale t\u00eb vitit 2024 n\u00eb SHBA, Trump arriti t\u00eb mposht\u00eb Kamala Harris me mbi 2 milion\u00eb vota diferenc\u00eb.<\/p>\n<figure class=\"wp-block-image size-full\"><a class=\"td-modal-image\" href=\"https:\/\/faktoje.al\/wp-content\/uploads\/2025\/04\/image-9.png\"><img loading=\"lazy\" loading=\"lazy\" decoding=\"async\" class=\"wp-image-49059\" src=\"https:\/\/faktoje.al\/wp-content\/uploads\/2025\/04\/image-9.png\" sizes=\"auto, (max-width: 975px) 100vw, 975px\" srcset=\"https:\/\/faktoje.al\/wp-content\/uploads\/2025\/04\/image-9.png 975w, https:\/\/faktoje.al\/wp-content\/uploads\/2025\/04\/image-9-300x72.png 300w, https:\/\/faktoje.al\/wp-content\/uploads\/2025\/04\/image-9-768x185.png 768w, https:\/\/faktoje.al\/wp-content\/uploads\/2025\/04\/image-9-150x36.png 150w, https:\/\/faktoje.al\/wp-content\/uploads\/2025\/04\/image-9-696x168.png 696w\" alt=\"\" width=\"975\" height=\"235\" data-pin-no-hover=\"true\" \/><\/a><\/figure>\n<p>Edhe pse n\u00eb Shqip\u00ebri sondazhet nuk pasqyrojn\u00eb t\u00eb nj\u00ebjt\u00ebn prirje, t\u00eb dh\u00ebnat nga Barometri i\u00a0Euronews Albania tregojn\u00eb se Berisha ka sh\u00ebnuar rritje t\u00eb\u00a0 p\u00eblqyeshm\u00ebris\u00eb s\u00eb figur\u00ebs s\u00eb tij nga janari n\u00eb prill.<\/p>\n<p>S\u00eb dyti, sipas Shtunit, \u00ebsht\u00eb p\u00ebrpjekja p\u00ebr t\u00eb paraqitur konfliktin lokal si pjes\u00eb t\u00eb nj\u00eb p\u00ebrplasjeje ideologjike m\u00eb t\u00eb gjer\u00eb midis s\u00eb djatht\u00ebs anti-globaliste dhe s\u00eb majt\u00ebs globaliste.<\/p>\n<div class=\"wp-block-media-text is-stacked-on-mobile\">\n<div class=\"wp-block-media-text__content\">\n<p><em>\u201cQ\u00ebllimi \u00ebsht\u00eb p\u00ebr ta projektuar p\u00ebrballjen Rama-Berisha si pjes\u00eb e p\u00ebrplasjes ideologjike mes t\u00eb djatht\u00ebs s\u00eb fort\u00eb antiglobaliste apo Trumpizmit n\u00eb nj\u00eb an\u00eb, dhe t\u00eb majt\u00ebs globaliste n\u00eb SHBA dhe Evrop\u00eb q\u00eb shpesh p\u00ebrfaq\u00ebsohet nga Soros<\/em>\u201d \u2013 Adrian Shtuni, studiues.<\/p>\n<\/div>\n<\/div>\n<p>Kjo, sipas tij, \u00e7on edhe nj\u00eb mesazh t\u00eb drejtp\u00ebrdrejt\u00eb ndaj elektoratit:\u00a0<em>\u201cpartneri jon\u00eb ideologjik fitoi n\u00eb SHBA; ne jemi me fituesin; votoni ata q\u00eb jan\u00eb me fituesin<\/em>\u201d, shpjegon Shtuni.<\/p>\n<p>S\u00eb treti, dhe m\u00eb personalja:\u00a0<em>\u201cKjo \u00ebsht\u00eb nj\u00eb p\u00ebrpjekje e Berish\u00ebs p\u00ebr t\u00eb sinjalizuar af\u00ebrsi ideologjike me Trump dhe p\u00ebr t\u00eb k\u00ebrkuar rishikimin e shpalljes\u00a0non grata\u00a0nga Departamenti Amerikan i Shtetit,<\/em>\u201d sipas Shtunit.<\/p>\n<p><em>\u201cN\u00eb fund t\u00eb fundit imitimi \u00ebsht\u00eb forma m\u00eb e lart\u00eb e komplimentit dhe mendoj se z.Berisha dhe poli i tij politik po mundohen t\u00eb pozicionohen strategjikisht sa m\u00eb sip\u00ebr, duke shfryt\u00ebzuar edhe k\u00ebshillat, p\u00ebrvoj\u00ebn dhe lidhjet q\u00eb ofron z.LaCivitas\u201d,\u00a0<\/em>argumenton ai.<\/p>\n<p>Edhe Ledion Krisafi, njoh\u00ebs i politik\u00ebs nd\u00ebrkomb\u00ebtare, bie dakord me k\u00ebt\u00eb vler\u00ebsim, duke v\u00ebn\u00eb n\u00eb dukje se Berisha n\u00eb t\u00eb kaluar\u00ebn ka pasur lidhje me rrjetin e Soros dhe se distancimi i tij i tanish\u00ebm \u00ebsht\u00eb strategjik: \u201c<em>Berisha \u00ebsht\u00eb b\u00ebr\u00eb anti-sorosian i koh\u00ebve t\u00eb fundit vet\u00ebm me q\u00ebllim p\u00ebr t\u2019i b\u00ebr\u00eb p\u00ebrshtypje Trumpit q\u00eb t\u2019i heq\u00eb non grat\u00ebn,\u201d<\/em>\u00a0thekson Krisafi.<\/p>\n<p>P\u00ebr Krisafin, huazimi i ideve t\u00eb Trump-it nga Berisha \u00ebsht\u00eb thjesht nj\u00eb kalkulim personal:\u00a0<em>\u201cShumica e k\u00ebtyre ideve nuk kan\u00eb asnj\u00eb lidhje me realitetin politik dhe social n\u00eb Shqip\u00ebri. \u00cbsht\u00eb vet\u00ebm p\u00ebr t\u00eb b\u00ebr\u00eb p\u00ebrshtypje\u201d<\/em>\u00a0Megjithat\u00eb, ai e konsideron fakt pozitiv p\u00ebr Berish\u00ebn q\u00eb nj\u00eb media si\u00a0<em>Fox News<\/em>\u00a0i ka dh\u00ebn\u00eb v\u00ebmendje k\u00ebtij krahasimi.<\/p>\n<div class=\"wp-block-media-text has-media-on-the-right is-stacked-on-mobile\">\n<div class=\"wp-block-media-text__content\">\n<p>\u201cGjithsesi, nuk mendoj se kjo do t\u00eb ndikoj\u00eb realisht n\u00eb zgjedhjet shqiptare. Kjo \u00ebsht\u00eb nj\u00eb betej\u00eb personale e Berish\u00ebs p\u00ebr t\u00eb hequr non-grat\u00ebn dhe nuk ndryshon faktin q\u00eb shumica e shqiptar\u00ebve nuk e shohin at\u00eb si kryeminist\u00ebr t\u00eb ardhsh\u00ebm.\u201d \u2013 Ledion Krisafi, ekspert i marr\u00ebdh\u00ebnieve nd\u00ebrkomb\u00ebtare.<\/p>\n<\/div>\n<\/div>\n<p><strong>Politico dhe tensionet BE\u2013SHBA: Nj\u00eb Shqip\u00ebri n\u00eb mes<\/strong><\/p>\n<p>Politico n\u00eb an\u00ebn tjet\u00ebr nj\u00eb burim profesional dhe relativisht i balancuar, shpesh mund t\u00eb\u00a0<a href=\"https:\/\/www.allsides.com\/media-bias\/media-bias-chart\">p\u00ebrceptohet<\/a>\u00a0si m\u00eb af\u00ebr q\u00ebndrimeve liberale apo t\u00eb qendr\u00ebs s\u00eb majt\u00eb n\u00eb spektrin politik amerikan\u00a0<a href=\"https:\/\/www.politico.eu\/article\/donald-trump-eu-accession-albania-election-edi-rama\/\">Artikulli<\/a>\u00a0i\u00a0<em>Politico<\/em>\u00a0ofron nj\u00eb tjet\u00ebr interpretim t\u00eb dinamik\u00ebs elektorale n\u00eb Shqip\u00ebri. Gara mes Ram\u00ebs dhe Berish\u00ebs shihet si pasqyr\u00eb e mundshme mes tensioneve mes BE-s\u00eb dhe SHBA-s\u00eb n\u00eb kuad\u00ebr t\u00eb \u201cluft\u00ebs tregtare\u201d transatlantike, duke sugjeruar se rreshtimi i Shqip\u00ebris\u00eb me politikat ekonomike t\u00eb Brukselit mund t\u00eb sjell\u00eb sfida n\u00eb marr\u00ebdh\u00ebniet me Uashingtonin.<\/p>\n<figure class=\"wp-block-image size-full\"><a class=\"td-modal-image\" href=\"https:\/\/faktoje.al\/wp-content\/uploads\/2025\/04\/image-11.png\"><img loading=\"lazy\" loading=\"lazy\" decoding=\"async\" class=\"wp-image-49061\" src=\"https:\/\/faktoje.al\/wp-content\/uploads\/2025\/04\/image-11.png\" sizes=\"auto, (max-width: 649px) 100vw, 649px\" srcset=\"https:\/\/faktoje.al\/wp-content\/uploads\/2025\/04\/image-11.png 649w, https:\/\/faktoje.al\/wp-content\/uploads\/2025\/04\/image-11-273x300.png 273w, https:\/\/faktoje.al\/wp-content\/uploads\/2025\/04\/image-11-382x420.png 382w, https:\/\/faktoje.al\/wp-content\/uploads\/2025\/04\/image-11-150x165.png 150w, https:\/\/faktoje.al\/wp-content\/uploads\/2025\/04\/image-11-300x330.png 300w\" alt=\"\" width=\"649\" height=\"713\" data-pin-no-hover=\"true\" \/><\/a><\/figure>\n<p>Geron Kamberi, studiues i marr\u00ebdh\u00ebnieve nd\u00ebrkomb\u00ebtare shpjegon se edhe pse \u201ckrisja\u201d e marr\u00ebdh\u00ebnieve mes SHBA dhe BE \u00ebsht\u00eb aty, ajo nuk sjell ndonj\u00eb pasoj\u00eb p\u00ebr Shqip\u00ebrin\u00eb pasi kjo e fundit nuk ka rol n\u00eb rikonfigurimin e ri t\u00eb marr\u00ebdh\u00ebnieve transatlantike.<\/p>\n<div class=\"jeg_ad jeg_ad_article jnews_content_inline_3_ads \">\n<div class=\"ads-wrapper align-center \">\n<div class=\"ads_code\">\n<div class=\"desktopi\" align=\"center\">\n<div id=\"beacon_d0343767f8\" style=\"text-align: left;\">\u201c<em>N\u00ebse k\u00ebto dallime do t\u00eb thellohen n\u00eb t\u00eb ardhmen e q\u00eb mund t\u00eb shkojn\u00eb vecan\u00ebrisht drejt asaj q\u00eb mund t\u00eb quhet nj\u00eb \u2018Nato europiane\u2019, at\u00ebher\u00eb Shqip\u00ebria si vend kandidat apo vend an\u00ebtar i mundsh\u00ebm i BE do t\u00eb duhet t\u00eb b\u00ebj\u00eb p\u00ebrllogaritjet e saj t\u00eb interesit strategjik e diplomatik\u201d<\/em>\u00a0 \u2013 Geron Kamberi, studiues i marr\u00ebdh\u00ebnieve nd\u00ebrkomb\u00ebtare.<\/div>\n<p><a class=\"td-modal-image\" href=\"https:\/\/faktoje.al\/wp-content\/uploads\/2024\/03\/Geron-Kamberi.jpg\"><img loading=\"lazy\" loading=\"lazy\" decoding=\"async\" class=\"wp-image-38323 size-full\" src=\"https:\/\/faktoje.al\/wp-content\/uploads\/2024\/03\/Geron-Kamberi.jpg\" sizes=\"auto, (max-width: 423px) 100vw, 423px\" srcset=\"https:\/\/faktoje.al\/wp-content\/uploads\/2024\/03\/Geron-Kamberi.jpg 423w, https:\/\/faktoje.al\/wp-content\/uploads\/2024\/03\/Geron-Kamberi-300x275.jpg 300w, https:\/\/faktoje.al\/wp-content\/uploads\/2024\/03\/Geron-Kamberi-150x138.jpg 150w\" alt=\"\" width=\"423\" height=\"388\" data-pin-no-hover=\"true\" \/><\/a><\/p>\n<\/div>\n<\/div>\n<\/div>\n<\/div>\n<p>Sipas Adrian Shtunit situata nuk p\u00ebrb\u00ebn nj\u00eb k\u00ebrc\u00ebnim real: \u201c<em>Un\u00eb nuk parashoh q\u00eb p\u00ebrplasja mbi tarifat mes BE-s\u00eb dhe SHBA-s\u00eb do t\u00eb ket\u00eb ndikim negativ n\u00eb marr\u00ebdh\u00ebniet SHBA\u2013Shqip\u00ebri. Edhe vet\u00eb vendet e BE-s\u00eb nuk kan\u00eb nj\u00eb q\u00ebndrim t\u00eb unifikuar mbi k\u00ebt\u00eb \u00e7\u00ebshtje, prandaj nuk mendoj se do t\u00eb k\u00ebrkonin me ngulm nj\u00eb pozicion t\u00eb caktuar nga Shqip\u00ebria<\/em>\u201d<\/p>\n<p>Sipas tij, pal\u00ebt do t\u00eb arrijn\u00eb nj\u00eb marr\u00ebveshje pragmatiste q\u00eb do t\u00eb rikthej\u00eb ekuilibrin tregtar. K\u00ebt\u00eb pik\u00ebpamje e ndan edhe Krisafi: \u201c<em>Lufta tregtare nuk do zgjas\u00eb shum\u00eb. Efektet e saj tashm\u00eb jan\u00eb t\u00eb dukshme n\u00eb bursa dhe tregti. SHBA nuk po p\u00ebrfiton realisht, ndaj mendoj se nj\u00eb marr\u00ebveshje do t\u00eb arrihet shpejt, pa e vendosur Shqip\u00ebrin\u00eb n\u00eb pozit\u00ebn e zgjedhjes mes dy aleat\u00ebve<\/em>\u201d<\/p>\n<p>Nj\u00eb tjet\u00ebr garant, sipas Geron Kamberit, \u00ebsht\u00eb edhe \u201cobjektivi strategjik i Shqip\u00ebris\u00eb p\u00ebr an\u00ebtar\u00ebsim n\u00eb BE, q\u00eb ka qen\u00eb i pal\u00ebkundur n\u00eb t\u00eb gjitha partit\u00eb politike n\u00eb vend nd\u00ebrkoh\u00eb q\u00eb dy partit\u00eb kryesore (PS dhe PD) shpesh i kan\u00eb shnd\u00ebrruar fushatat elektorale n\u00eb \u201cpista t\u00eb Formula Uno\u201d se kush kishte \u201cmakin\u00ebn m\u00eb t\u00eb shpejt\u00eb t\u00eb premtimeve\u201d p\u00ebr ta an\u00ebtar\u00ebsuar Shqip\u00ebrin\u00eb me BE.<\/p>\n","protected":false},"excerpt":{"rendered":"<p>Dy media nd\u00ebrkomb\u00ebtare,\u00a0Fox News\u00a0dhe\u00a0Politico, kan\u00eb hedhur v\u00ebshtrimin mbi aren\u00ebn politike shqiptare n\u00eb prag t\u00eb zgjedhjeve parlamentare, duke e interpretuar p\u00ebrplasjen Rama-Berisha si reflektim t\u00eb tensioneve gjeopolitike q\u00eb tejkalojn\u00eb kufijt\u00eb komb\u00ebtar\u00eb.\u00a0Fox News\u00a0paraqet p\u00ebrballjen si nj\u00eb luft\u00eb me tone ideologjike mes ish-Presidentit amerikan Donald Trump dhe filantropit George Soros, nd\u00ebrsa\u00a0Politico\u00a0e sheh situat\u00ebn si nj\u00eb pasqyrim t\u00eb f\u00ebrkimeve [&hellip;]<\/p>\n","protected":false},"author":5,"featured_media":86970,"comment_status":"closed","ping_status":"closed","sticky":false,"template":"","format":"standard","meta":{"footnotes":""},"categories":[7664,6326,6332],"tags":[36023,36024,36022],"class_list":{"0":"post-86969","1":"post","2":"type-post","3":"status-publish","4":"format-standard","5":"has-post-thumbnail","7":"category-bota","8":"category-politike","9":"category-te-fundit","10":"tag-2-mediat-e-amerikane-fox-news-dhe-politico-trump","11":"tag-soros-dhe-nje-strateg-i-ri-ne-tirane","12":"tag-zgjedhjet-ne-shqiperi"},"_links":{"self":[{"href":"https:\/\/jugulajm.net\/index.php?rest_route=\/wp\/v2\/posts\/86969","targetHints":{"allow":["GET"]}}],"collection":[{"href":"https:\/\/jugulajm.net\/index.php?rest_route=\/wp\/v2\/posts"}],"about":[{"href":"https:\/\/jugulajm.net\/index.php?rest_route=\/wp\/v2\/types\/post"}],"author":[{"embeddable":true,"href":"https:\/\/jugulajm.net\/index.php?rest_route=\/wp\/v2\/users\/5"}],"replies":[{"embeddable":true,"href":"https:\/\/jugulajm.net\/index.php?rest_route=%2Fwp%2Fv2%2Fcomments&post=86969"}],"version-history":[{"count":2,"href":"https:\/\/jugulajm.net\/index.php?rest_route=\/wp\/v2\/posts\/86969\/revisions"}],"predecessor-version":[{"id":86972,"href":"https:\/\/jugulajm.net\/index.php?rest_route=\/wp\/v2\/posts\/86969\/revisions\/86972"}],"wp:featuredmedia":[{"embeddable":true,"href":"https:\/\/jugulajm.net\/index.php?rest_route=\/wp\/v2\/media\/86970"}],"wp:attachment":[{"href":"https:\/\/jugulajm.net\/index.php?rest_route=%2Fwp%2Fv2%2Fmedia&parent=86969"}],"wp:term":[{"taxonomy":"category","embeddable":true,"href":"https:\/\/jugulajm.net\/index.php?rest_route=%2Fwp%2Fv2%2Fcategories&post=86969"},{"taxonomy":"post_tag","embeddable":true,"href":"https:\/\/jugulajm.net\/index.php?rest_route=%2Fwp%2Fv2%2Ftags&post=86969"}],"curies":[{"name":"wp","href":"https:\/\/api.w.org\/{rel}","templated":true}]}}