{"id":86874,"date":"2025-04-26T09:12:40","date_gmt":"2025-04-26T07:12:40","guid":{"rendered":"https:\/\/jugulajm.net\/?p=86874"},"modified":"2025-04-26T09:12:40","modified_gmt":"2025-04-26T07:12:40","slug":"lamtumire-zeri-i-paqes","status":"publish","type":"post","link":"https:\/\/jugulajm.net\/?p=86874","title":{"rendered":"Lamtumir\u00eb z\u00ebri i paqes!"},"content":{"rendered":"<div class=\"xdj266r x11i5rnm xat24cr x1mh8g0r x1vvkbs x126k92a\">\n<div dir=\"auto\">E gjith\u00eb bota n\u00eb Vatikan p\u00ebr funeralin e Papa Fran\u00e7eskut.<\/div>\n<div dir=\"auto\"><\/div>\n<\/div>\n<div class=\"x11i5rnm xat24cr x1mh8g0r x1vvkbs xtlvy1s x126k92a\">\n<div dir=\"auto\">Sot \u00ebsht\u00eb dita kur bota i thot\u00eb lamtumir\u00eb Papa Fran\u00e7eskut, z\u00ebrit m\u00eb t\u00eb fuqish\u00ebm t\u00eb paqes.<\/div>\n<div dir=\"auto\">Mbi 250 mij\u00eb besimtar\u00eb nga shum\u00eb shtete t\u00eb ndryshme jan\u00eb t\u00eb pranish\u00ebm n\u00eb sheshin e Sh\u00ebn Pjetrit n\u00eb Vatikan, nd\u00ebrsa miliona t\u00eb tjer\u00eb dynden n\u00eb nj\u00eb radh\u00eb t\u00eb gjat\u00eb n\u00eb rrug\u00ebt e Rom\u00ebs.<\/div>\n<div dir=\"auto\"><\/div>\n<\/div>\n<div class=\"x11i5rnm xat24cr x1mh8g0r x1vvkbs xtlvy1s x126k92a\">\n<div dir=\"auto\">Gjithashtu edhe dhjet\u00ebra lider\u00eb, udh\u00ebheq\u00ebs shtetesh, duke p\u00ebrfshir\u00eb presidentin amerikan, Donald Trump n\u00eb udh\u00ebtimin e tij t\u00eb par\u00eb jasht\u00eb vendit q\u00eb prej marrjes s\u00eb detyr\u00ebs, liderin ukrainas, Volodymyr Zelenski, presidenten e Komisionit Europian, Ursula von der Leyen, dhjetra monark\u00eb e shum\u00eb t\u00eb tjer\u00eb.<\/div>\n<div dir=\"auto\"><\/div>\n<\/div>\n<div class=\"x11i5rnm xat24cr x1mh8g0r x1vvkbs xtlvy1s x126k92a\">\n<div dir=\"auto\">Gjithashtu p\u00ebrmes TV mbi 1 miliard\u00eb njer\u00ebz do ta ndjekin at\u00eb nga \u00e7do an\u00eb e globit. Funerali i Papa Fran\u00e7eskut do t\u00eb jet\u00eb m\u00eb i thjesht\u00eb se ai i pap\u00ebve t\u00eb m\u00ebparsh\u00ebm, duke ndjekur udh\u00ebzimet q\u00eb ai dha vet\u00eb.<\/div>\n<div dir=\"auto\">Kryepeshkop\u00ebt dhe peshkop\u00ebt kan\u00eb filluar t\u00eb mblidhen q\u00eb prej or\u00ebs 08:30 n\u00eb krahun e Konstandinit, nj\u00eb korridor ngjitur me Bazilik\u00ebn e Sh\u00ebn Pjetrit.<\/div>\n<\/div>\n","protected":false},"excerpt":{"rendered":"<p>E gjith\u00eb bota n\u00eb Vatikan p\u00ebr funeralin e Papa Fran\u00e7eskut. Sot \u00ebsht\u00eb dita kur bota i thot\u00eb lamtumir\u00eb Papa Fran\u00e7eskut, z\u00ebrit m\u00eb t\u00eb fuqish\u00ebm t\u00eb paqes. Mbi 250 mij\u00eb besimtar\u00eb nga shum\u00eb shtete t\u00eb ndryshme jan\u00eb t\u00eb pranish\u00ebm n\u00eb sheshin e Sh\u00ebn Pjetrit n\u00eb Vatikan, nd\u00ebrsa miliona t\u00eb tjer\u00eb dynden n\u00eb nj\u00eb radh\u00eb t\u00eb gjat\u00eb [&hellip;]<\/p>\n","protected":false},"author":5,"featured_media":86713,"comment_status":"closed","ping_status":"closed","sticky":false,"template":"","format":"standard","meta":{"footnotes":""},"categories":[1,7664,6332],"tags":[35986],"class_list":{"0":"post-86874","1":"post","2":"type-post","3":"status-publish","4":"format-standard","5":"has-post-thumbnail","7":"category-aktualitet","8":"category-bota","9":"category-te-fundit","10":"tag-lamtumire-zeri-i-paqes"},"_links":{"self":[{"href":"https:\/\/jugulajm.net\/index.php?rest_route=\/wp\/v2\/posts\/86874","targetHints":{"allow":["GET"]}}],"collection":[{"href":"https:\/\/jugulajm.net\/index.php?rest_route=\/wp\/v2\/posts"}],"about":[{"href":"https:\/\/jugulajm.net\/index.php?rest_route=\/wp\/v2\/types\/post"}],"author":[{"embeddable":true,"href":"https:\/\/jugulajm.net\/index.php?rest_route=\/wp\/v2\/users\/5"}],"replies":[{"embeddable":true,"href":"https:\/\/jugulajm.net\/index.php?rest_route=%2Fwp%2Fv2%2Fcomments&post=86874"}],"version-history":[{"count":1,"href":"https:\/\/jugulajm.net\/index.php?rest_route=\/wp\/v2\/posts\/86874\/revisions"}],"predecessor-version":[{"id":86875,"href":"https:\/\/jugulajm.net\/index.php?rest_route=\/wp\/v2\/posts\/86874\/revisions\/86875"}],"wp:featuredmedia":[{"embeddable":true,"href":"https:\/\/jugulajm.net\/index.php?rest_route=\/wp\/v2\/media\/86713"}],"wp:attachment":[{"href":"https:\/\/jugulajm.net\/index.php?rest_route=%2Fwp%2Fv2%2Fmedia&parent=86874"}],"wp:term":[{"taxonomy":"category","embeddable":true,"href":"https:\/\/jugulajm.net\/index.php?rest_route=%2Fwp%2Fv2%2Fcategories&post=86874"},{"taxonomy":"post_tag","embeddable":true,"href":"https:\/\/jugulajm.net\/index.php?rest_route=%2Fwp%2Fv2%2Ftags&post=86874"}],"curies":[{"name":"wp","href":"https:\/\/api.w.org\/{rel}","templated":true}]}}