{"id":86796,"date":"2025-04-23T19:10:15","date_gmt":"2025-04-23T17:10:15","guid":{"rendered":"https:\/\/jugulajm.net\/?p=86796"},"modified":"2025-04-23T19:10:15","modified_gmt":"2025-04-23T17:10:15","slug":"nena-i-nje-femije-me-autizem-i-drejtohet-rames-o-perbindesh-qe-perdhunon-dhimbjen","status":"publish","type":"post","link":"https:\/\/jugulajm.net\/?p=86796","title":{"rendered":"N\u00ebna i nj\u00eb f\u00ebmije me autiz\u00ebm i drejtohet Ram\u00ebs: O p\u00ebrbind\u00ebsh q\u00eb p\u00ebrdhunon dhimbjen"},"content":{"rendered":"<p>Nj\u00eb n\u00ebne f\u00ebmije me autiz\u00ebm, e cila 10 vite m\u00eb par\u00eb u detyrua t\u00eb largohet nga Shqip\u00ebria p\u00ebr t\u2019i dh\u00ebn\u00eb kujdesin, q\u00eb qeveria e Edi Ram\u00ebs nuk ia dha kurr\u00eb, nd\u00ebrsa sot duke k\u00ebrkuar vot\u00ebn p\u00ebrdori termin \u201cautik\u201d n\u00eb nj\u00eb kontekst p\u00ebr\u00e7mues e diskriminues p\u00ebr k\u00ebt\u00eb kategori vulnerab\u00ebl t\u00eb shoq\u00ebris\u00eb, i drejtohet me nj\u00eb let\u00ebr kryeministrit.<\/p>\n<h4><strong>Letra<\/strong><\/h4>\n<p>E \u00e7\u2019t\u00eb t\u00eb thuash ty, mor djal\u00eb? T\u00eb t\u00eb quaj t\u00eb paditur? Shum\u00eb pak. T\u00eb t\u00eb quaj t\u00eb lig? Prap\u00eb shum\u00eb pak. Un\u00eb do t\u00eb t\u00eb them: P\u00ebrbind\u00ebsh.<\/p>\n<p>Pas 15 vitesh bashk\u00ebjetes\u00eb me autizmin, nga t\u00eb cilat 10 vite t\u2019i ishe kryeministri im, jo vet\u00ebm q\u00eb na injorove \u2013 f\u00ebmij\u00ebt autik\u00eb dhe familjet tona \u2013 por na zhyte thell\u00eb n\u00eb trishtim, dhimbje dhe harres\u00eb. Po pse duhet t\u00eb merrem me ty?<\/p>\n<p>Sepse edhe pasi emigruam p\u00ebr t\u00eb k\u00ebrkuar at\u00eb q\u00eb ti, o njeri i paditur dhe i pam\u00ebshirsh\u00ebm, nuk arrite kurr\u00eb t\u00eb na ofroje\u2026 hap televizorin, e etur p\u00ebr nj\u00eb lajm nga vendi im, dhe t\u00eb d\u00ebgjoj ty teksa, i ekzaltuar, p\u00ebrdhunon dhimbjen.<\/p>\n<p>Po t\u00eb kishe qen\u00eb autik, do t\u00eb ishe drit\u00eb dielli, pafaj\u00ebsi dhe shk\u00eblqim. Por ti je e keqja e k\u00ebnet\u00ebs. Nj\u00eb nep\u00ebrk\u00eb helmuese q\u00eb shigjeton pa m\u00ebshir\u00eb m\u00eb t\u00eb dob\u00ebtin. U the burrave \u201c\u00e7yryk\u201d, mir\u00eb ua b\u00ebre atyre p\u00ebrball\u00eb q\u00eb qeshnin si hajvan\u00eb. U the f\u00ebmij\u00ebve para prind\u00ebrve \u201cm\u00eb shihni nudo\u201d, sikur kishte ndonj\u00eb gj\u00eb p\u00ebr t\u00eb par\u00eb \u2013 nj\u00eb njeri t\u00eb gjat\u00eb, pa substanc\u00eb \u2013 dhe e the prap\u00eb para prind\u00ebrve. E ata, si t\u00eb tredhur nga dhimbja, qeshnin. Dhe prap\u00eb t\u00eb them, mir\u00eb ua b\u00ebre.<\/p>\n<p>Por ti, o p\u00ebrbind\u00ebsh, p\u00ebrdhunove dhimbjen q\u00eb shkakton autizmi. Me mimikat e tua, e krahasove autizmin me lajthitje. Ti, n\u00eb syt\u00eb e mi, je nj\u00eb d\u00ebshtak dy metra i gjat\u00eb q\u00eb merr meritat e shqiptar\u00ebve q\u00eb me pun\u00eb dhe djers\u00eb kan\u00eb ngritur vlerat e vendit. Ti i merr pa pik\u00eb turpi. Me format e tua \u201cgangsteri\u201d, intimidon k\u00ebdo dhe gjith\u00e7ka \u2013 edhe dhimbjen \u2013 me nj\u00eb vend pune. Po si, o qyq, nuk t\u00eb ha mortja? Po si ulesh me ca hallxhinj dhe masturbon nga k\u00ebnaq\u00ebsia kur ata qeshin nga halli me budallall\u00ebqet q\u00eb nxjerr nga goja? Disa s\u2019t\u00eb d\u00ebgjojn\u00eb, thjesht e din\u00eb se duhet t\u00eb qeshin. Disa t\u00eb tjer\u00eb t\u00eb d\u00ebgjojn\u00eb, por i ka z\u00ebn\u00eb halli e prap\u00eb duhet t\u00eb qeshin. Disa nuk kuptojn\u00eb fare, por qeshin se ka ardhur \u201ci gjati\u201d.<\/p>\n<p>Me pak fjal\u00eb, n\u00eb k\u00ebt\u00eb llum ti k\u00ebnaqesh. Sepse TI je llumi.<\/p>\n<p>\u00c7\u2019t\u00eb t\u00eb them\u2026 jeto mes autik\u00ebsh, o i pashpres\u00eb. Jam e bindur se di\u00e7ka do t\u00eb t\u00eb m\u00ebsojn\u00eb: t\u00eb duash pa lig\u00ebsi. Tako prind\u00ebr t\u00eb f\u00ebmij\u00ebve autik\u00eb dhe kupto dhimbjen. Nj\u00eb burr\u00eb shteti i jep prioritet k\u00ebsaj \u00e7\u00ebshtjeje, si\u00e7 b\u00ebn pjesa tjet\u00ebr e bot\u00ebs. Por \u00e7far\u00eb flas un\u00eb p\u00ebr nj\u00eb shtet fallco, q\u00eb pasi punuam dhe luftuam, na p\u00ebrzuri me bisht nd\u00ebr shal\u00eb \u2013 ne dhe f\u00ebmij\u00ebt tan\u00eb.<\/p>\n<p>Ne ik\u00ebm. T\u00eb tjer\u00ebt jan\u00eb ende aty. Un\u00eb nuk dua ta b\u00ebj k\u00ebt\u00eb, por halli m\u00eb fut kok\u00ebn n\u00eb hale. Prandaj t\u00eb lutem, o ti q\u00eb s\u2019dua t\u00eb p\u00ebrmend me em\u00ebr: na kurse dhimbjen. Na shp\u00ebto vesh\u00ebt. L\u00ebri f\u00ebmij\u00ebt autik\u00eb n\u00eb dashurin\u00eb e prind\u00ebrve t\u00eb tyre, q\u00eb shpesh i ushqejn\u00eb me qum\u00ebsht t\u00eb holluar me uj\u00eb \u2013 i kam par\u00eb me syt\u00eb e mi \u2013 por t\u00eb lumtur, t\u00eb rrethuar me dashuri.<\/p>\n<p>N\u00ebse kjo \u00ebsht\u00eb Evropa jote, UN\u00cb E REFUZOJ fuqish\u00ebm. Ti je llumi i k\u00ebnet\u00ebs \u2013 aty ku njeriu ngec dhe s\u2019ka fuqi t\u00eb dal\u00eb. Ti je e keqja q\u00eb duhet shkulur me rr\u00ebnj\u00eb. Je thjesht nj\u00eb njeri tall\u00ebs, q\u00eb n\u00eb fakt ka aq shum\u00eb komplekse me veten, sa nuk di ku t\u00eb struket. E vesh petkun e perandorit, por ai petk nuk ta kemi veshur ne, populli. Ta kan\u00eb veshur t\u00eb tjer\u00eb si ty \u2013 t\u00eb varf\u00ebr n\u00eb shpirt \u2013 q\u00eb si me para, si pa para, kan\u00eb mbetur gjithmon\u00eb ata t\u00eb nj\u00ebjt\u00ebt.<\/p>\n<p>Fatkeq\u00ebsisht, ti e ke futur popullin n\u00eb skut\u00eb dhe e shantazhon me nj\u00eb rrog\u00eb, me nj\u00eb biznes, apo ku ta di un\u00eb\u2026 Sepse k\u00ebt\u00eb b\u00ebjn\u00eb njer\u00ebzit e pam\u00ebshirsh\u00ebm, delirant\u00ebt e s\u00ebmur\u00eb.<\/p>\n<p>Dhe q\u00eb ta mbyll \u2013 jo me ty, se ti nuk e meriton \u2013 por me faktin se ke p\u00ebrdhunuar n\u00ebna t\u00eb l\u00ebnduara dhe ke p\u00ebrbaltur f\u00ebmij\u00eb t\u00eb jasht\u00ebzakonsh\u00ebm n\u00eb shpirt, por t\u00eb mbyllur n\u00eb bot\u00ebn e tyre. Ti je thjesht nj\u00eb mut i vog\u00ebl, q\u00eb nuk ka uj\u00eb q\u00eb t\u00eb lan \u2013 as me k\u00ebt\u00eb politik\u00ebn autike q\u00eb del nga ajo goj\u00eb e f\u00eblliqur.<\/p>\n<p>Zoti i bekoft\u00eb shqiptar\u00ebt kudo q\u00eb jan\u00eb. Zoti ua b\u00ebft\u00eb rrug\u00ebn e kthimit m\u00eb t\u00eb leht\u00eb. Dhe Zoti ishalla t\u00eb m\u00ebshiron ty\u2026 se un\u00eb nga sot, nuk do ta b\u00ebj m\u00eb.<\/p>\n<p>Ty nuk t\u00eb plas, se je n\u00eb re. Por\u2026 karma is a bitch, little boy.<\/p>\n<p>(Shkruar nga E.B)<\/p>\n","protected":false},"excerpt":{"rendered":"<p>Nj\u00eb n\u00ebne f\u00ebmije me autiz\u00ebm, e cila 10 vite m\u00eb par\u00eb u detyrua t\u00eb largohet nga Shqip\u00ebria p\u00ebr t\u2019i dh\u00ebn\u00eb kujdesin, q\u00eb qeveria e Edi Ram\u00ebs nuk ia dha kurr\u00eb, nd\u00ebrsa sot duke k\u00ebrkuar vot\u00ebn p\u00ebrdori termin \u201cautik\u201d n\u00eb nj\u00eb kontekst p\u00ebr\u00e7mues e diskriminues p\u00ebr k\u00ebt\u00eb kategori vulnerab\u00ebl t\u00eb shoq\u00ebris\u00eb, i drejtohet me nj\u00eb let\u00ebr [&hellip;]<\/p>\n","protected":false},"author":5,"featured_media":86797,"comment_status":"closed","ping_status":"closed","sticky":false,"template":"","format":"standard","meta":{"footnotes":""},"categories":[34865,6332,29228],"tags":[35950],"class_list":{"0":"post-86796","1":"post","2":"type-post","3":"status-publish","4":"format-standard","5":"has-post-thumbnail","7":"category-analiza","8":"category-te-fundit","9":"category-vendi","10":"tag-nena-i-nje-femije-me-autizem-i-drejtohet-rames-o-perbindesh-qe-perdhunon-dhimbjen"},"_links":{"self":[{"href":"https:\/\/jugulajm.net\/index.php?rest_route=\/wp\/v2\/posts\/86796","targetHints":{"allow":["GET"]}}],"collection":[{"href":"https:\/\/jugulajm.net\/index.php?rest_route=\/wp\/v2\/posts"}],"about":[{"href":"https:\/\/jugulajm.net\/index.php?rest_route=\/wp\/v2\/types\/post"}],"author":[{"embeddable":true,"href":"https:\/\/jugulajm.net\/index.php?rest_route=\/wp\/v2\/users\/5"}],"replies":[{"embeddable":true,"href":"https:\/\/jugulajm.net\/index.php?rest_route=%2Fwp%2Fv2%2Fcomments&post=86796"}],"version-history":[{"count":1,"href":"https:\/\/jugulajm.net\/index.php?rest_route=\/wp\/v2\/posts\/86796\/revisions"}],"predecessor-version":[{"id":86798,"href":"https:\/\/jugulajm.net\/index.php?rest_route=\/wp\/v2\/posts\/86796\/revisions\/86798"}],"wp:featuredmedia":[{"embeddable":true,"href":"https:\/\/jugulajm.net\/index.php?rest_route=\/wp\/v2\/media\/86797"}],"wp:attachment":[{"href":"https:\/\/jugulajm.net\/index.php?rest_route=%2Fwp%2Fv2%2Fmedia&parent=86796"}],"wp:term":[{"taxonomy":"category","embeddable":true,"href":"https:\/\/jugulajm.net\/index.php?rest_route=%2Fwp%2Fv2%2Fcategories&post=86796"},{"taxonomy":"post_tag","embeddable":true,"href":"https:\/\/jugulajm.net\/index.php?rest_route=%2Fwp%2Fv2%2Ftags&post=86796"}],"curies":[{"name":"wp","href":"https:\/\/api.w.org\/{rel}","templated":true}]}}