{"id":86767,"date":"2025-04-22T20:27:14","date_gmt":"2025-04-22T18:27:14","guid":{"rendered":"https:\/\/jugulajm.net\/?p=86767"},"modified":"2025-04-22T20:31:07","modified_gmt":"2025-04-22T18:31:07","slug":"kushtetuesja-rrezon-spak-per-rastin-e-gazetarit-elton-qyno","status":"publish","type":"post","link":"https:\/\/jugulajm.net\/?p=86767","title":{"rendered":"Kushtetuesja rr\u00ebzon SPAK p\u00ebr rastin e gazetarit Elton Qyno, gazetari ka t\u00eb drejt\u00eb q\u00eb t\u00eb&#8230;"},"content":{"rendered":"<p>Gjyqtar\u00ebt e Gjykat\u00ebs Kushtetuese kan\u00eb marr\u00eb vendimin sot n\u00eb favor t\u00eb gazetarit Elton Qyno p\u00ebr padin\u00eb e tij p\u00ebr vendimet e Gjykat\u00ebs s\u00eb Posa\u00e7me p\u00ebr sekuestrimin e pajisjeve elektronike n\u00eb pron\u00ebsi t\u00eb tij, kontrollin n\u00eb sht\u00ebpi dhe kontrollin personal pas nj\u00eb hetimi t\u00eb nisur nga SPAK p\u00ebr nxjerrje t\u00eb sekretit hetimor.<\/p>\n<p>N\u00eb padi, Qyno k\u00ebrkonte shfuqizimin e vendimmarrjeve q\u00eb soll\u00ebn k\u00ebto vendime, duke i cil\u00ebsuar ato n\u00eb shkelje t\u00eb lirive dhe t\u00eb drejtave t\u00eb njeriut.<\/p>\n<p>Gazetari Elton Qyno u mor n\u00eb pyetje n\u00eb dhjetor 2023 p\u00ebr rrjedhjen n\u00eb media t\u00eb materialeve nga nj\u00eb dosje hetimore p\u00ebr nj\u00eb s\u00ebr\u00eb krimesh t\u00eb r\u00ebnda, nd\u00ebrsa pas nj\u00eb kontrolli n\u00eb sht\u00ebpin\u00eb e tij, Prokuroria sekuestroi celular\u00ebt dhe mjetet elektronike.<\/p>\n<div class=\"insertion-box\">\n<div class=\"inset\">\n<div class=\"reklame\">Qyno e ka kund\u00ebrshtuar vendimmarrjen si shkelje e t\u00eb drejtave t\u00eb tij si gazetar.<\/div>\n<div>\n<p><strong>NJOFTIM PER MEDIA<\/strong><\/p>\n<p><em>Sot n\u00eb dat\u00ebn 22.04.2025, Gjykata Kushtetuese mori n\u00eb shqyrtim \u00e7\u00ebshtjen me k\u00ebrkues Elton Qyno me objekt shfuqizimin e vendimeve gjyq\u00ebsore n\u00eb lidhje me kontrollin personal, t\u00eb banes\u00ebs dhe vendit t\u00eb pun\u00ebs si dhe sekuestrimin e sendeve dhe t\u00ebdh\u00ebnave kompjuterike.<\/em><\/p>\n<p><em>Gjykata pasi analizoi kriteret paraprake t\u00ebk\u00ebrkes\u00ebs arriti n\u00eb p\u00ebrfundimin se k\u00ebrkuesi legjitimohet dhe ka shteruar mjetet juridike n\u00eb dispozicion vet\u00ebm p\u00ebr kund\u00ebrshtimin e vendimit q\u00eb ka lejuarsekuestrimine t\u00eb dh\u00ebnave kompjuterike i cili\u00ebsht\u00eb kund\u00ebrshtuar nga k\u00ebrkuesi deri n\u00eb Gjykat\u00ebn e Lart\u00eb.<\/em><\/p>\n<p><em>Sa i takon liris\u00eb personale, Gjykata konstatoi se ky pretendim nuk ka lidhje me vendimet p\u00ebr sekuestrimin e t\u00eb dh\u00ebnave kompjuterike. N\u00eb lidhje me pretendimet e tjera, Gjykata vler\u00ebsoi se k\u00ebrkuesi nuk ka shteruar mjetet juridike n\u00eb dispozicion.<\/em><\/p>\n<p><em>P\u00ebr sa i takon themelit t\u00eb\u00e7\u00ebshtjes, Gjykata u ndal n\u00eb analiz\u00ebn e pretendimit p\u00ebr cenimin e liris\u00eb s\u00eb shprehjes t\u00eb garantuar nga neni 22 i Kushtetut\u00ebs dhe neni 10 i KEDNJ-s\u00eb.<\/em><\/p>\n<p><em>Lidhur me k\u00ebt\u00eb pretendim, Gjykata arriti n\u00eb p\u00ebrfundimin se liria e shprehjes p\u00ebrfshin, nd\u00ebr t\u00eb tjera, edhe lirin\u00eb e shtypit.<\/em><\/p>\n<p><em>E drejta e gazetarit p\u00ebr t\u00eb ruajtur burimin e informacionit dhe p\u00ebr t\u00eb mos e zbuluar at\u00eb \u00ebsht\u00eb nj\u00eb nga kushtet e liris\u00eb s\u00eb medias.<\/em><\/p>\n<p><em>Mbrojtja e burimeve t\u00eb gazetar\u00ebve \u00ebsht\u00eb nj\u00eb prej garancive kryesore t\u00eb liris\u00eb s\u00eb medias, si pjes\u00eb e liris\u00eb kushtetuese t\u00eb shprehjes, ndaj urdh\u00ebrimi i gazetarit p\u00ebr t\u00eb zbuluar burimet e tij mund t\u00eb jet\u00eb n\u00eb kund\u00ebrshtim me Kushtetut\u00ebn, p\u00ebrve\u00e7se kur ekziston nj\u00eb baz\u00eb e qart\u00eb ligjore q\u00eb e autorizon at\u00eb dhe nj\u00eb interes publik mbizot\u00ebrues q\u00eb e dikton at\u00eb.<\/em><\/p>\n<p><em>E drejta e gazetarit p\u00ebr t\u00eb mos zbuluar burimet e tyre nuk \u00ebsht\u00eb privilegj, pasi n\u00eb thelb mbron jo vet\u00ebm lirin\u00eb e medias, n\u00eb kuad\u00ebr t\u00eb liris\u00eb s\u00eb shprehjes, por edhe t\u00eb drejt\u00ebn e informimit t\u00eb publikut.<\/em><\/p>\n<p><em>Gjykata arriti n\u00eb p\u00ebrfundimin se vendimet gjyq\u00ebsore, t\u00eb cilat kan\u00eb lejuar sekuestrimin e t\u00eb dh\u00ebnave kompjuterike kan\u00eb nd\u00ebrhyr\u00eb n\u00eb lirin\u00eb e shprehjes s\u00eb k\u00ebrkuesit.<\/em><\/p>\n<p><em>P\u00ebr sa i p\u00ebrket kritereve t\u00eb kufizimit, Gjykata duke zbatuar testin e nenit 17 t\u00eb Kushtetut\u00ebs, vler\u00ebsoi se nd\u00ebrhyrja \u00ebsht\u00eb b\u00ebr\u00eb me ligj dhe p\u00ebr nj\u00eb interes publik.<\/em><\/p>\n<p><em>Megjithat\u00eb n\u00eb kuad\u00ebr edhe t\u00eb standardeve t\u00eb vendosura nga GJEDNJ-ja, Gjykata vler\u00ebsoi se nd\u00ebrhyrja n\u00eb lirin\u00eb e shprehjes nuk \u00ebsht\u00eb proporcionale.<\/em><\/p>\n<p><em>N\u00eb k\u00ebt\u00eb kuptim, Gjykata vler\u00ebsoi gjithashtu se gjykatat e zakonshme nuk kan\u00eb arsyetuar n\u00eb lidhje me faktin se p\u00ebrse marrja e t\u00eb dh\u00ebnave t\u00eb nevojshme p\u00ebr hetimin mund t\u00eb realizohej vet\u00ebm n\u00ebp\u00ebrmjet identifikimit t\u00eb burimit t\u00eb gazetarit, si mjet i fundit, si edhe p\u00ebrse nuk ekzistonin mjete t\u00eb tjera alternative p\u00ebr t\u00eb arritur t\u00eb nj\u00ebjtin q\u00ebllim.<\/em><\/p>\n<p><em>Po n\u00eb k\u00ebt\u00eb drejtim, gjykatat nuk kan\u00eb arsyetuar n\u00eb lidhje me urgjenc\u00ebn n\u00eb sekuestrimin e t\u00eb dh\u00ebnave kompjuterike t\u00eb k\u00ebrkuesit.<\/em><\/p>\n<p><em>P\u00ebr k\u00ebto arsye, Gjykata vendosi, nj\u00ebz\u00ebri, shfuqizimin e vendimeve p\u00ebr sekuestrimin e t\u00eb dh\u00ebnave kompjuterike (vendimin e GJKKO-s\u00eb s\u00eb Shkall\u00ebs s\u00eb Par\u00eb nr. 501, dat\u00eb 13.12.2023 dhe vendimet e gjykatave m\u00eb t\u00eb larta q\u00eb e kan\u00eb l\u00ebn\u00eb n\u00eb fuqi at\u00eb).<\/em><\/p>\n<p><em>Po k\u00ebshtu, Gjykata vendosi edhe pranimin e k\u00ebrkes\u00ebs p\u00ebr asgj\u00ebsimin e t\u00eb gjitha t\u00eb dh\u00ebnave kompjuterike t\u00eb sekuestruara me vendimet e m\u00ebsip\u00ebrme t\u00eb shfuqizuara.<\/em><\/p>\n<p><em>N\u00eb lidhje me pretendimin p\u00ebr cenimin e s\u00eb drejt\u00ebs p\u00ebr jet\u00eb private Gjykata vler\u00ebsoi t\u00eb mos ndalej, p\u00ebr sa koh\u00eb ajo gjeti shkelje n\u00eb lirin\u00eb e shprehjes s\u00eb k\u00ebrkuesit, duke shfuqizuar vendimet e m\u00ebsip\u00ebrme.<\/em><\/p>\n<\/div>\n<\/div>\n<\/div>\n","protected":false},"excerpt":{"rendered":"<p>Gjyqtar\u00ebt e Gjykat\u00ebs Kushtetuese kan\u00eb marr\u00eb vendimin sot n\u00eb favor t\u00eb gazetarit Elton Qyno p\u00ebr padin\u00eb e tij p\u00ebr vendimet e Gjykat\u00ebs s\u00eb Posa\u00e7me p\u00ebr sekuestrimin e pajisjeve elektronike n\u00eb pron\u00ebsi t\u00eb tij, kontrollin n\u00eb sht\u00ebpi dhe kontrollin personal pas nj\u00eb hetimi t\u00eb nisur nga SPAK p\u00ebr nxjerrje t\u00eb sekretit hetimor. N\u00eb padi, Qyno k\u00ebrkonte [&hellip;]<\/p>\n","protected":false},"author":5,"featured_media":69002,"comment_status":"closed","ping_status":"closed","sticky":false,"template":"","format":"standard","meta":{"footnotes":""},"categories":[1,6332,29228],"tags":[35940],"class_list":{"0":"post-86767","1":"post","2":"type-post","3":"status-publish","4":"format-standard","5":"has-post-thumbnail","7":"category-aktualitet","8":"category-te-fundit","9":"category-vendi","10":"tag-kushtetuesja-rrezon-spak-per-rastin-e-gazetarit-elton-qyno"},"_links":{"self":[{"href":"https:\/\/jugulajm.net\/index.php?rest_route=\/wp\/v2\/posts\/86767","targetHints":{"allow":["GET"]}}],"collection":[{"href":"https:\/\/jugulajm.net\/index.php?rest_route=\/wp\/v2\/posts"}],"about":[{"href":"https:\/\/jugulajm.net\/index.php?rest_route=\/wp\/v2\/types\/post"}],"author":[{"embeddable":true,"href":"https:\/\/jugulajm.net\/index.php?rest_route=\/wp\/v2\/users\/5"}],"replies":[{"embeddable":true,"href":"https:\/\/jugulajm.net\/index.php?rest_route=%2Fwp%2Fv2%2Fcomments&post=86767"}],"version-history":[{"count":2,"href":"https:\/\/jugulajm.net\/index.php?rest_route=\/wp\/v2\/posts\/86767\/revisions"}],"predecessor-version":[{"id":86769,"href":"https:\/\/jugulajm.net\/index.php?rest_route=\/wp\/v2\/posts\/86767\/revisions\/86769"}],"wp:featuredmedia":[{"embeddable":true,"href":"https:\/\/jugulajm.net\/index.php?rest_route=\/wp\/v2\/media\/69002"}],"wp:attachment":[{"href":"https:\/\/jugulajm.net\/index.php?rest_route=%2Fwp%2Fv2%2Fmedia&parent=86767"}],"wp:term":[{"taxonomy":"category","embeddable":true,"href":"https:\/\/jugulajm.net\/index.php?rest_route=%2Fwp%2Fv2%2Fcategories&post=86767"},{"taxonomy":"post_tag","embeddable":true,"href":"https:\/\/jugulajm.net\/index.php?rest_route=%2Fwp%2Fv2%2Ftags&post=86767"}],"curies":[{"name":"wp","href":"https:\/\/api.w.org\/{rel}","templated":true}]}}