{"id":86753,"date":"2025-04-22T14:27:20","date_gmt":"2025-04-22T12:27:20","guid":{"rendered":"https:\/\/jugulajm.net\/?p=86753"},"modified":"2025-04-22T14:32:29","modified_gmt":"2025-04-22T12:32:29","slug":"lidheni-urgjentisht-edi-ramen","status":"publish","type":"post","link":"https:\/\/jugulajm.net\/?p=86753","title":{"rendered":"Lidheni urgjentisht Edi Ram\u00ebn!"},"content":{"rendered":"<p><strong>Nga Adriatik Dosti<\/strong><\/p>\n<p>Lidheni! Po, lidheni p\u00ebrpara se t\u00eb na djeg\u00eb t\u00eb gjith\u00ebve! Sa nuk na ka p\u00ebrpir\u00eb flaka q\u00eb ka ndezur vet\u00eb mbi k\u00ebt\u00eb vend, nd\u00ebrsa ai ngroh duart me qet\u00ebsi kriminale n\u00eb zjarrin q\u00eb po p\u00ebrv\u00eblon Shqip\u00ebrin\u00eb dhe shqiptar\u00ebt.<\/p>\n<p>Jan\u00eb mbi 12 vite q\u00eb ky i \u00e7mendur mendor \u2013 q\u00eb duket sikur ka dal\u00eb fshehurazi nga psikiatria \u2013 po b\u00ebn k\u00ebrdin\u00eb n\u00eb \u00e7do institucion, mbi \u00e7do qytetar, mbi \u00e7do shpres\u00eb. \u00cbsht\u00eb koha t\u2019i gjeni vendin e duhur: n\u00eb nj\u00eb izolim t\u00eb plot\u00eb, institucional, ligjor dhe moral. Sa pa qen\u00eb von\u00eb. Sot! Jo nes\u00ebr. Sepse nes\u00ebr do jet\u00eb von\u00eb. Tmerresisht von\u00eb.<\/p>\n<p>Urgjentisht, bllokojeni KQZ-n\u00eb dhe largoni kelyshin e tij, Ilirjan Celibashin, nga atje. K\u00ebrkoni me forc\u00eb nd\u00ebrprerjen e menj\u00ebhershme t\u00eb fushat\u00ebs m\u00eb fyese, posht\u00ebruese dhe denigruese q\u00eb \u00ebsht\u00eb zhvilluar ndonj\u00ebher\u00eb n\u00eb k\u00ebt\u00eb vend. Rama nuk ka problem vet\u00ebm me Berish\u00ebn, PD-n\u00eb apo kund\u00ebrshtar\u00ebt politik\u00eb \u2013 ai ka shpallur luft\u00eb t\u00eb hapur ndaj t\u00eb gjith\u00eb shqiptar\u00ebve. Ai e urren k\u00ebt\u00eb vend. Ai e p\u00ebr\u00e7mon k\u00ebt\u00eb popull.<\/p>\n<p>\u00c7do dit\u00eb, ai b\u00ebn thirrje absurde: qytetar\u00ebve u k\u00ebrkon t\u00eb votojn\u00eb p\u00ebr t\u00eb ose t\u00eb mbyllen n\u00eb sht\u00ebpi. Gruas shqiptare i sugjeron t\u00eb kusht\u00ebzoj\u00eb dashurin\u00eb me vot\u00eb. T\u00eb divorcuarat i cil\u00ebson si \u201cpreferenc\u00eb personale\u201d. Meshkujt i etiketon si \u201cimpotent\u00eb\u201d, f\u00ebmij\u00ebve e adoleshent\u00ebve u sugjeron t\u00eb k\u00ebrkojn\u00eb foto nudo t\u00eb tij ose porno. Tani s\u00eb fundmi, guxon dhe i quan edhe \u201cautik\u00eb\u201d ata q\u00eb nuk e votojn\u00eb. \u00c7far\u00eb krimineli institucional i lejohet t\u00eb flas\u00eb k\u00ebshtu n\u00eb nj\u00eb vend t\u00eb civilizuar?<\/p>\n<p>Ky delirant batutaxhi nuk l\u00eb fjalim pa p\u00ebrmendur \u201ckeneta, bufa, zhaba, mocale, gjarp\u00ebrinj, llum, kazan\u00eb\u201d. Nuk \u00ebsht\u00eb m\u00eb metafor\u00eb \u2013 \u00ebsht\u00eb halucinacion publik, verbal dhe i rreziksh\u00ebm.<\/p>\n<p>Dy dit\u00eb m\u00eb par\u00eb, politikania e njohur gjermane Doris Pack i k\u00ebrkoi zyrtarisht BE-s\u00eb dhe Parlamentit Europian t\u00eb nd\u00ebrhyjn\u00eb. Jo thjesht p\u00ebr zgjedhjet, por p\u00ebr ndaljen e nj\u00eb lideri t\u00eb \u00e7mendur q\u00eb po \u00e7on drejt shkat\u00ebrrimit nj\u00eb komb t\u00eb t\u00ebr\u00eb.<\/p>\n<p>Prandaj mjaft \u00ebsht\u00eb mjaft! Rama i ka kaluar t\u00eb gjitha vijat e kuqe, t\u00eb gjitha kufijt\u00eb e ligjshm\u00ebris\u00eb, moralit dhe arsyes. \u00cbsht\u00eb koha q\u00eb populli shqiptar t\u00eb ngrihet n\u00eb k\u00ebmb\u00eb \u2013 jo vet\u00ebm n\u00eb protesta, por n\u00eb nd\u00ebrgjegje. T\u00eb ngriheni edhe nga varri, po t\u00eb jet\u00eb nevoja, p\u00ebr t\u00eb mbrojtur vendin tuaj nga fundi i pashmangsh\u00ebm q\u00eb po afron.<\/p>\n<p>E padurueshme, e pafalshme, e patolerueshme \u00ebsht\u00eb q\u00eb nj\u00eb i s\u00ebmur\u00eb mendor, nj\u00eb hajdut, nj\u00eb kriminel, nj\u00eb bandit verbal dhe institucional t\u00eb tallet me Shqip\u00ebrin\u00eb dhe shqiptar\u00ebt.<\/p>\n<p>Ndaj: ndalojeni sot! Rr\u00ebzojeni sot! P\u00ebrndryshe, 11 maji do jet\u00eb thjesht nj\u00eb funeral i dinjitetit komb\u00ebtar.<\/p>\n","protected":false},"excerpt":{"rendered":"<p>Nga Adriatik Dosti Lidheni! Po, lidheni p\u00ebrpara se t\u00eb na djeg\u00eb t\u00eb gjith\u00ebve! Sa nuk na ka p\u00ebrpir\u00eb flaka q\u00eb ka ndezur vet\u00eb mbi k\u00ebt\u00eb vend, nd\u00ebrsa ai ngroh duart me qet\u00ebsi kriminale n\u00eb zjarrin q\u00eb po p\u00ebrv\u00eblon Shqip\u00ebrin\u00eb dhe shqiptar\u00ebt. Jan\u00eb mbi 12 vite q\u00eb ky i \u00e7mendur mendor \u2013 q\u00eb duket sikur ka [&hellip;]<\/p>\n","protected":false},"author":5,"featured_media":86755,"comment_status":"closed","ping_status":"closed","sticky":false,"template":"","format":"standard","meta":{"footnotes":""},"categories":[34865,6332,29228],"tags":[35934],"class_list":{"0":"post-86753","1":"post","2":"type-post","3":"status-publish","4":"format-standard","5":"has-post-thumbnail","7":"category-analiza","8":"category-te-fundit","9":"category-vendi","10":"tag-lidheni-urgjentisht-edi-ramen"},"_links":{"self":[{"href":"https:\/\/jugulajm.net\/index.php?rest_route=\/wp\/v2\/posts\/86753","targetHints":{"allow":["GET"]}}],"collection":[{"href":"https:\/\/jugulajm.net\/index.php?rest_route=\/wp\/v2\/posts"}],"about":[{"href":"https:\/\/jugulajm.net\/index.php?rest_route=\/wp\/v2\/types\/post"}],"author":[{"embeddable":true,"href":"https:\/\/jugulajm.net\/index.php?rest_route=\/wp\/v2\/users\/5"}],"replies":[{"embeddable":true,"href":"https:\/\/jugulajm.net\/index.php?rest_route=%2Fwp%2Fv2%2Fcomments&post=86753"}],"version-history":[{"count":1,"href":"https:\/\/jugulajm.net\/index.php?rest_route=\/wp\/v2\/posts\/86753\/revisions"}],"predecessor-version":[{"id":86754,"href":"https:\/\/jugulajm.net\/index.php?rest_route=\/wp\/v2\/posts\/86753\/revisions\/86754"}],"wp:featuredmedia":[{"embeddable":true,"href":"https:\/\/jugulajm.net\/index.php?rest_route=\/wp\/v2\/media\/86755"}],"wp:attachment":[{"href":"https:\/\/jugulajm.net\/index.php?rest_route=%2Fwp%2Fv2%2Fmedia&parent=86753"}],"wp:term":[{"taxonomy":"category","embeddable":true,"href":"https:\/\/jugulajm.net\/index.php?rest_route=%2Fwp%2Fv2%2Fcategories&post=86753"},{"taxonomy":"post_tag","embeddable":true,"href":"https:\/\/jugulajm.net\/index.php?rest_route=%2Fwp%2Fv2%2Ftags&post=86753"}],"curies":[{"name":"wp","href":"https:\/\/api.w.org\/{rel}","templated":true}]}}