{"id":86734,"date":"2025-04-21T17:42:35","date_gmt":"2025-04-21T15:42:35","guid":{"rendered":"https:\/\/jugulajm.net\/?p=86734"},"modified":"2025-04-21T17:42:35","modified_gmt":"2025-04-21T15:42:35","slug":"si-u-zbeh-deliri-i-rames-per-11-majin-nga-115-ne-jo-me-pak-se-71-mandate","status":"publish","type":"post","link":"https:\/\/jugulajm.net\/?p=86734","title":{"rendered":"Si u zbeh deliri i Ram\u00ebs p\u00ebr 11 Majin, nga 115, n\u00eb jo m\u00eb pak se 71 mandate"},"content":{"rendered":"<p>P\u00ebr t\u00eb shpjeguar komunikimin publik t\u00eb Edi Ram\u00ebs n\u00eb rrjete sociale, n\u00eb mitingje apo edhe n\u00eb konferenca me gazetar\u00ebt, shpeshher\u00eb flitet p\u00ebr sondazhet q\u00eb organizon Partia Socialiste dhe q\u00eb i dhurojn\u00eb atij orientimin e duhur mbi \u00e7\u00ebshtje dhe probleme t\u00eb ndryshme q\u00eb ngren\u00eb qytetar\u00ebt. Edhe vet\u00eb Rama mburret se PS organizon p\u00ebr \u00e7do muaj anketa, t\u00eb cilat, sipas tij, jan\u00eb ku e ku m\u00eb pran\u00eb t\u00eb v\u00ebrtet\u00ebs, n\u00eb krahasim me ato t\u00eb televizioneve.<\/p>\n<div class=\"jeg_ad jeg_ad_article jnews_content_inline_ads  \">\n<div class=\"ads-wrapper align-center \">\n<div class=\"ads_code\">\n<div class=\"mobilee\" align=\"center\"><ins id=\"revive-0-0\" data-revive-zoneid=\"145\" data-revive-id=\"2581c650fb61ab0cf7e084114e7ddb41\" data-revive-seq=\"0\" data-revive-loaded=\"1\"><\/p>\n<div id=\"beacon_369cccac51\"><img loading=\"lazy\" loading=\"lazy\" decoding=\"async\" src=\"https:\/\/ads.adsense.al\/www\/delivery\/lg.php?bannerid=0&amp;campaignid=0&amp;zoneid=145&amp;loc=https%3A%2F%2Fboldnews.al%2F2025%2F04%2F21%2Fnga-115-ne-jo-me-pak-se-71-mandate-si-u-zbeh-deliri-i-rames-per-11-majin%2F%3Ffbclid%3DIwY2xjawJzRHlleHRuA2FlbQIxMQABHmsoRo3eqXeXrrIHpNnSzjAHdLDKXhdbjtyhoKNTvgU9gxCn94xOOF31plA1_aem_bU8W4oyJxXnHDKCZm_u_Zg&amp;referer=https%3A%2F%2Fl.facebook.com%2F&amp;cb=369cccac51\" alt=\"\" width=\"0\" height=\"0\" \/><\/div>\n<p><\/ins><\/div>\n<\/div>\n<\/div>\n<\/div>\n<p>Prandaj, kur kryeministri ndan parashikimet p\u00ebr 11 Majit, k\u00ebto nuk duhen par\u00eb si fjal\u00eb q\u00eb i merr era, por si produkte t\u00eb pyet\u00ebsor\u00ebve, q\u00eb masin p\u00eblqimin e qytetar\u00ebve p\u00ebr nj\u00ebr\u00ebn parti apo tjetr\u00ebn, n\u00eb nj\u00eb moment t\u00eb caktuar.<\/p>\n<p>Dhe n\u00eb nj\u00eb hark kohor prej tet\u00eb muajsh, Edi Rama ka b\u00ebr\u00eb nj\u00eb seri parashikimesh p\u00ebr rezultatin e 11 Majit, t\u00eb cilat n\u00ebse shihen nga af\u00ebr tregojn\u00eb at\u00eb q\u00eb \u00e7do lider politik do t\u00eb donte ta fshihte para dit\u00ebs s\u00eb zgjedhjeve: pritshm\u00ebrit\u00eb e PS p\u00ebr 11 Majin jan\u00eb n\u00eb r\u00ebnie.<\/p>\n<p>T\u2019i marrim me radh\u00eb:<\/p>\n<p>M\u00eb 8 shtator 2024, gjat\u00eb fjal\u00ebs s\u00eb tij n\u00eb Asamblen\u00eb e PS, Edi Rama fluturoi lart me bastin publik p\u00ebr fitoren n\u00eb zgjedhje. Me arroganc\u00ebn karakteristike t\u00eb pushtetarit q\u00eb sheh para tij nj\u00eb shoq\u00ebri t\u00eb gjunj\u00ebzuar para pushtetit, Rama l\u00ebshoi nj\u00eb parashikim p\u00ebr t\u00eb cilin sqaroi se nuk e kishte par\u00eb n\u00eb filxhan\u00ebt e kafes, por e kishte fal\u00eb \u201cinstituteve moderne t\u00eb matjes s\u00eb opinionit\u201d.<\/p>\n<p>\u201cDhe mbajeni mend k\u00ebt\u00eb q\u00eb po iu them, ne do e l\u00ebm\u00eb PD me rezultatin e vitit 1997\u201d, deklaroi ai, duke iu referuar nj\u00eb nga momenteve m\u00eb dramatike t\u00eb vendit, kur shteti nuk ekzistonte; Partia Demokratike mori vet\u00ebm 25 deputet\u00eb dhe Partia Socialiste arriti mbi 115 mandate n\u00eb parlament.<\/p>\n<p>Vet\u00ebm nj\u00eb lider delirant ose nj\u00eb autokrat i sigurt\u00eb se e ka eleminuar opozit\u00ebn, mund t\u00eb shpall\u00eb nj\u00eb fitore t\u00eb till\u00eb 8 muaj para zgjedhjeve.<\/p>\n<p>Pastaj filloi zbritja. M\u00eb 10 prill 2025, nj\u00eb dit\u00eb para nisjes s\u00eb fushat\u00ebs, nd\u00ebrsa fliste para ekranit t\u00eb kompjuterit n\u00eb rubrik\u00ebn \u201cSy m\u2019sy\u201d n\u00eb Facebook, Edi Rama l\u00ebshoi nj\u00eb version m\u00eb t\u00eb zbutur t\u00eb fitores: \u201cNuk e di rezultatin, mbase do t\u00eb fitojm\u00eb m\u00eb shum\u00eb se 77 deputet\u00eb\u201d u shpreh ai.<\/p>\n<p>Nuk ishin m\u00eb 115, por gjithsesi nj\u00eb shumic\u00eb komode, q\u00eb socialist\u00ebt e synuan por nuk e arrit\u00ebn dot n\u00eb vitin 2021. N\u00eb t\u00eb nj\u00ebjt\u00ebn frym\u00eb, ai paralajm\u00ebroi se do ta shpall\u00eb rezultatin nga Ku\u00e7i, si\u00e7 b\u00ebri kat\u00ebr vite m\u00eb par\u00eb.<\/p>\n<p>Shtat\u00eb dit\u00eb m\u00eb pas, m\u00eb 17 prill, u tregua m\u00eb i rezervuar, nd\u00ebrsa p\u00ebrs\u00ebriste se parashikimin ekzakt do ta b\u00ebnte nga Ku\u00e7i i Vlor\u00ebs.<\/p>\n<p>\u201cNe ndjekim dhe anketojm\u00eb popullin \u00e7do muaj prej 12 vitesh, i kemi shum\u00eb t\u00eb dh\u00ebna p\u00ebr t\u00eb par\u00eb luhatjet, k\u00ebshtu q\u00eb mbi baz\u00ebn e tyre do t\u00eb ta them ekzakt se cili do t\u00eb jet\u00eb numri minimal\u201d tha Rama.<\/p>\n<p>K\u00ebsaj radhe, nuk p\u00ebrmendi num\u00ebr mandatesh, por iu referua numrit prej 74 mandatesh, q\u00eb ka aktualisht n\u00eb Kuvend. \u201cQ\u00eb sot mund t\u00eb them se minimali do t\u00eb jet\u00eb mbi at\u00eb q\u00eb kemi\u201d, u shpreh Rama, q\u00eb aludoi p\u00ebr rritje simbolike n\u00eb krahasim me rezultatin e kat\u00ebr viteve m\u00eb par\u00eb.<\/p>\n<p>Por sot n\u00eb dat\u00ebn 21 prill, nd\u00ebrsa fliste me simpatizant\u00ebt n\u00eb Kavaj\u00eb, kryeministri zbriti p\u00ebrfundimisht n\u00eb tok\u00eb dhe i \u00e7oi pritshm\u00ebrit\u00eb disa her\u00eb m\u00eb posht\u00eb: \u201cPo e p\u00ebrs\u00ebris dhe nj\u00eb her\u00eb: edhe sikur bota t\u00eb p\u00ebrmbyset, ne nuk marrim m\u00eb pak se 71 mandate\u2026 PS nuk merr kurr\u00eb m\u00eb pak se 71 mandate\u201d u d\u00ebgjua t\u00eb thot\u00eb Rama nj\u00eb parashikim, me t\u00eb cil\u00ebn mbyllet cikli i nj\u00eb \u00ebndrre q\u00eb filloi me 115 deputet\u00eb.<\/p>\n<p>Nj\u00eb lider i kujdessh\u00ebm politik nuk do t\u00eb l\u00ebshonte n\u00eb asnj\u00eb m\u00ebnyr\u00eb mesazhe t\u00eb tilla dekurajuese p\u00ebr mb\u00ebshtet\u00ebsit e tij, t\u00eb cil\u00ebt n\u00eb fillim i ndez me fitore plebishitare, por m\u00eb pas, ai vet\u00eb, ia zbeh pritshm\u00ebrit\u00eb dhe ia pret hovin e angazhimit gjat\u00eb fushat\u00ebs. T\u00eb zbres\u00ebsh reziltatin nga 115 deputet\u00eb tek minimumi i 71-shit, tregon m\u00eb s\u00eb paku kaos n\u00eb komunikim dhe munges\u00ebn e nj\u00eb strategjie t\u00eb qart\u00eb elektorale.<\/p>\n<p>E n\u00ebse ky komunikim, bazohet n\u00eb anketa dhe sondazhet q\u00eb organizon vet\u00eb Partia Socialiste, kjo r\u00ebnie graduale d\u00ebshmon minimalisht se as vet\u00eb Rama nuk i ka t\u00eb sigurta pritshm\u00ebrit\u00eb dhe rezultatin n\u00eb 11 Maj.<\/p>\n<p>Dhe kjo \u00ebsht\u00eb normale, vet\u00ebm po t\u00eb llogaris\u00ebsh se votat n\u00eb Shqip\u00ebri ose i blen me para n\u00eb dor\u00eb, ose i rr\u00ebmben me presionet p\u00ebr nj\u00eb vend pune, ose kur n\u00eb terren p\u00ebr ty punojn\u00eb bandit\u00eb q\u00eb nuk i kap dot policia, e jo m\u00eb t\u2019i kapin sondazhet dhe anketat q\u00eb b\u00ebhen me disa telefonata.<\/p>\n","protected":false},"excerpt":{"rendered":"<p>P\u00ebr t\u00eb shpjeguar komunikimin publik t\u00eb Edi Ram\u00ebs n\u00eb rrjete sociale, n\u00eb mitingje apo edhe n\u00eb konferenca me gazetar\u00ebt, shpeshher\u00eb flitet p\u00ebr sondazhet q\u00eb organizon Partia Socialiste dhe q\u00eb i dhurojn\u00eb atij orientimin e duhur mbi \u00e7\u00ebshtje dhe probleme t\u00eb ndryshme q\u00eb ngren\u00eb qytetar\u00ebt. Edhe vet\u00eb Rama mburret se PS organizon p\u00ebr \u00e7do muaj anketa, [&hellip;]<\/p>\n","protected":false},"author":5,"featured_media":86735,"comment_status":"closed","ping_status":"closed","sticky":false,"template":"","format":"standard","meta":{"footnotes":""},"categories":[6326,6332,29228],"tags":[35929,35928,35927],"class_list":{"0":"post-86734","1":"post","2":"type-post","3":"status-publish","4":"format-standard","5":"has-post-thumbnail","7":"category-politike","8":"category-te-fundit","9":"category-vendi","10":"tag-ne-jo-me-pak-se-71-mandate","11":"tag-nga-115","12":"tag-si-u-zbeh-deliri-i-rames-per-11-majin"},"_links":{"self":[{"href":"https:\/\/jugulajm.net\/index.php?rest_route=\/wp\/v2\/posts\/86734","targetHints":{"allow":["GET"]}}],"collection":[{"href":"https:\/\/jugulajm.net\/index.php?rest_route=\/wp\/v2\/posts"}],"about":[{"href":"https:\/\/jugulajm.net\/index.php?rest_route=\/wp\/v2\/types\/post"}],"author":[{"embeddable":true,"href":"https:\/\/jugulajm.net\/index.php?rest_route=\/wp\/v2\/users\/5"}],"replies":[{"embeddable":true,"href":"https:\/\/jugulajm.net\/index.php?rest_route=%2Fwp%2Fv2%2Fcomments&post=86734"}],"version-history":[{"count":1,"href":"https:\/\/jugulajm.net\/index.php?rest_route=\/wp\/v2\/posts\/86734\/revisions"}],"predecessor-version":[{"id":86736,"href":"https:\/\/jugulajm.net\/index.php?rest_route=\/wp\/v2\/posts\/86734\/revisions\/86736"}],"wp:featuredmedia":[{"embeddable":true,"href":"https:\/\/jugulajm.net\/index.php?rest_route=\/wp\/v2\/media\/86735"}],"wp:attachment":[{"href":"https:\/\/jugulajm.net\/index.php?rest_route=%2Fwp%2Fv2%2Fmedia&parent=86734"}],"wp:term":[{"taxonomy":"category","embeddable":true,"href":"https:\/\/jugulajm.net\/index.php?rest_route=%2Fwp%2Fv2%2Fcategories&post=86734"},{"taxonomy":"post_tag","embeddable":true,"href":"https:\/\/jugulajm.net\/index.php?rest_route=%2Fwp%2Fv2%2Ftags&post=86734"}],"curies":[{"name":"wp","href":"https:\/\/api.w.org\/{rel}","templated":true}]}}