{"id":86712,"date":"2025-04-21T10:26:37","date_gmt":"2025-04-21T08:26:37","guid":{"rendered":"https:\/\/jugulajm.net\/?p=86712"},"modified":"2025-04-21T10:26:37","modified_gmt":"2025-04-21T08:26:37","slug":"lajm-i-fundit-nderron-jete-papa-francesku","status":"publish","type":"post","link":"https:\/\/jugulajm.net\/?p=86712","title":{"rendered":"LAJM I FUNDIT\/ Nd\u00ebrron jet\u00eb Papa Fran\u00e7esku"},"content":{"rendered":"<p>Shuhet n\u00eb mosh\u00ebn 88 vje\u00e7are Papa Fran\u00e7esku! Lajmin e hidhur e njoftoi Kardinali Farrel m\u00ebngjesin e sot\u00ebm.<\/p>\n<p>\u201cT\u00eb dashur v\u00ebllez\u00ebr dhe motra, me dhimbje t\u00eb thell\u00eb duhet t\u00eb njoftoj vdekjen e Atit ton\u00eb t\u00eb Shenjt\u00eb Fran\u00e7esku. N\u00eb or\u00ebn 07:35 t\u00eb m\u00ebngjesit t\u00eb sot\u00ebm peshkopi i Rom\u00ebs, Fran\u00e7esku, u kthye n\u00eb sht\u00ebpin\u00eb e Atit. E gjith\u00eb jeta e tij iu kushtua sh\u00ebrbimit t\u00eb Zotit dhe Kish\u00ebs s\u00eb Tij. Ai na m\u00ebsoi t\u00eb jetojm\u00eb me fisnik\u00ebrin\u00eb dhe vlerat universale t\u00eb ungjillit, n\u00eb favor t\u00eb m\u00eb t\u00eb varf\u00ebrve. Me mir\u00ebnjohje t\u00eb pamas\u00eb p\u00ebr shembullin e tij si dishepull i v\u00ebrtet\u00eb i Zotit Jezus, ne e p\u00ebrg\u00ebzojm\u00eb shpirtin e Papa Fran\u00e7eskut p\u00ebr dashurin\u00eb e pafund t\u00eb m\u00ebshirshme t\u00eb Zotit\u201d, tha ai.<\/p>\n<p>Papa Fran\u00e7esku ndodhej n\u00eb Rom\u00eb, n\u00eb Casa Santa Marta, ku ishte transferuar pasi ishte shtruar n\u00eb Spitalin Gemelli. T\u00eb Diel\u00ebn e Pashk\u00ebve ai u shfaq n\u00eb ballkonin e Bazilik\u00ebs s\u00eb Sh\u00ebn Pjetrit p\u00ebr t\u00eb uruar besimtar\u00ebt p\u00ebr fest\u00ebn e Pashk\u00ebve. Por p\u00ebr shkak t\u00eb gjendjes s\u00eb tij t\u00eb r\u00ebnduar sh\u00ebndet\u00ebsore, mesazhin e lexoi nj\u00eb ndihm\u00ebs i tij.<\/p>\n<p>Pasi bekoi t\u00eb pranishmit Ati i Shenjt\u00eb p\u00ebrs\u00ebriti thirrjen e tij p\u00ebr nj\u00eb arm\u00ebpushim n\u00eb Gaza dhe d\u00ebnoi konfliktin.<\/p>\n<p>Jose Mario Bergoglio lindi n\u00eb Buenos Aires t\u00eb Argjentin\u00ebs m\u00eb 17 Dhjetor t\u00eb vitit 1936. Ai ishte papa i par\u00eb nga Amerika e Jugut dhe nj\u00ebkoh\u00ebsisht i pari pap\u00eb Jezuit.<\/p>\n","protected":false},"excerpt":{"rendered":"<p>Shuhet n\u00eb mosh\u00ebn 88 vje\u00e7are Papa Fran\u00e7esku! Lajmin e hidhur e njoftoi Kardinali Farrel m\u00ebngjesin e sot\u00ebm. \u201cT\u00eb dashur v\u00ebllez\u00ebr dhe motra, me dhimbje t\u00eb thell\u00eb duhet t\u00eb njoftoj vdekjen e Atit ton\u00eb t\u00eb Shenjt\u00eb Fran\u00e7esku. N\u00eb or\u00ebn 07:35 t\u00eb m\u00ebngjesit t\u00eb sot\u00ebm peshkopi i Rom\u00ebs, Fran\u00e7esku, u kthye n\u00eb sht\u00ebpin\u00eb e Atit. E gjith\u00eb [&hellip;]<\/p>\n","protected":false},"author":5,"featured_media":86713,"comment_status":"closed","ping_status":"closed","sticky":false,"template":"","format":"standard","meta":{"footnotes":""},"categories":[1,7664,6332],"tags":[35917],"class_list":{"0":"post-86712","1":"post","2":"type-post","3":"status-publish","4":"format-standard","5":"has-post-thumbnail","7":"category-aktualitet","8":"category-bota","9":"category-te-fundit","10":"tag-lajm-i-fundit-nderron-jete-papa-francesku"},"_links":{"self":[{"href":"https:\/\/jugulajm.net\/index.php?rest_route=\/wp\/v2\/posts\/86712","targetHints":{"allow":["GET"]}}],"collection":[{"href":"https:\/\/jugulajm.net\/index.php?rest_route=\/wp\/v2\/posts"}],"about":[{"href":"https:\/\/jugulajm.net\/index.php?rest_route=\/wp\/v2\/types\/post"}],"author":[{"embeddable":true,"href":"https:\/\/jugulajm.net\/index.php?rest_route=\/wp\/v2\/users\/5"}],"replies":[{"embeddable":true,"href":"https:\/\/jugulajm.net\/index.php?rest_route=%2Fwp%2Fv2%2Fcomments&post=86712"}],"version-history":[{"count":1,"href":"https:\/\/jugulajm.net\/index.php?rest_route=\/wp\/v2\/posts\/86712\/revisions"}],"predecessor-version":[{"id":86714,"href":"https:\/\/jugulajm.net\/index.php?rest_route=\/wp\/v2\/posts\/86712\/revisions\/86714"}],"wp:featuredmedia":[{"embeddable":true,"href":"https:\/\/jugulajm.net\/index.php?rest_route=\/wp\/v2\/media\/86713"}],"wp:attachment":[{"href":"https:\/\/jugulajm.net\/index.php?rest_route=%2Fwp%2Fv2%2Fmedia&parent=86712"}],"wp:term":[{"taxonomy":"category","embeddable":true,"href":"https:\/\/jugulajm.net\/index.php?rest_route=%2Fwp%2Fv2%2Fcategories&post=86712"},{"taxonomy":"post_tag","embeddable":true,"href":"https:\/\/jugulajm.net\/index.php?rest_route=%2Fwp%2Fv2%2Ftags&post=86712"}],"curies":[{"name":"wp","href":"https:\/\/api.w.org\/{rel}","templated":true}]}}