{"id":86625,"date":"2025-04-18T18:08:37","date_gmt":"2025-04-18T16:08:37","guid":{"rendered":"https:\/\/jugulajm.net\/?p=86625"},"modified":"2025-04-18T18:08:37","modified_gmt":"2025-04-18T16:08:37","slug":"skandal-klosi-tha-se-vota-e-pare-nga-diaspora-ishte-e-jona-kreu-i-osbe-ku-e-di-ai-qe-vota-ishte-per-ps","status":"publish","type":"post","link":"https:\/\/jugulajm.net\/?p=86625","title":{"rendered":"SKANDAL\/ Klosi tha se vota e par\u00eb nga diaspora ishte e jona, Kreu i OSBE: Ku e di ai q\u00eb vota ishte p\u00ebr PS?"},"content":{"rendered":"<p>P\u00ebrfaq\u00ebsues nga Misioni i OSBE\/ODIHR, t\u00eb kryesuar nga Kreu i Misionit, Ambasadori Lamberto Zannier, dhe Kryekomisioneri i KQZ-s\u00eb, Ilirjan Celibashi, vizituan Parkun Olimpik, ku ndodhet qendra e grumbullimit t\u00eb zarfeve t\u00eb vot\u00ebs s\u00eb diaspor\u00ebs.<\/p>\n<p>Vizita e tyre kishte karakter inspektimi, p\u00ebr t\u00eb monitoruar pun\u00ebn n\u00eb k\u00ebt\u00eb qend\u00ebr, ku ka nisur administrimi i vot\u00ebs s\u00eb diaspor\u00ebs.<\/p>\n<p>Duke folur p\u00ebr mediat, Ambasadori Lamberto Zannier theksoi: \u201c<em>Procesi p\u00ebr vot\u00ebn e emigrant\u00ebve po shkon shum\u00eb mir\u00eb. Duket se gjith\u00e7ka \u00ebsht\u00eb e mir\u00ebp\u00ebrgatitur.\u201d<\/em><\/p>\n<div id=\"rekl-13\">\n<div id=\"__sap-ad-15\" class=\"__sap-ads __sap-html inline tracked\" data-title=\"Credins desktop Brenda lajmit 08\"><ins><\/p>\n<div id=\"beacon_0a54d36210\"><img loading=\"lazy\" loading=\"lazy\" decoding=\"async\" src=\"https:\/\/ads1.medium.al\/www\/delivery\/lg.php?bannerid=0&amp;campaignid=0&amp;zoneid=232&amp;loc=https%3A%2F%2Fwww.syri.net%2Fpolitike%2F780829%2Fpatronazhisti-tha-se-vota-e-pare-ishte-e-jona-kreu-i-osbe-godet-fort-klosin-zannier-ku-e-di-ai-qe-vota-ishte-per-ps%2F&amp;referer=https%3A%2F%2Fwww.syri.net%2F&amp;cb=0a54d36210\" alt=\"\" width=\"0\" height=\"0\" \/>I pyetur p\u00ebr deklarat\u00ebn e z. Klosi, i cili tha se vota e par\u00eb e mb\u00ebrritur nga diaspora, nga Dibra, ishte p\u00ebr Partin\u00eb Socialiste, Zannier u shpreh: \u201c<em><strong>Nuk e kuptoj se si mund ta dij\u00eb z. Klosi se p\u00ebr k\u00eb ka shkuar ajo vot\u00eb<\/strong><\/em>.\u201d<\/div>\n<p>Mbr\u00ebmjen e s\u00eb enjtes, kan\u00eb mb\u00ebrritur 735 zarfe t\u00eb para me votat e emigrant\u00ebve shqiptar\u00eb p\u00ebr zgjedhjet e\u00a0 11 majit. Pas marrjes n\u00eb dor\u00ebzim, administrata e KQZ-s\u00eb ka nisur selektimin e zarfeve, duke verifikuar n\u00ebse ka d\u00ebmtime, dhe m\u00eb pas ka filluar ndarjen e zarfeve sipas qarqeve p\u00ebrkat\u00ebse, ku do t\u00eb administrohen.<\/p>\n<p><\/ins><\/div>\n<\/div>\n<p>P\u00ebrmes nj\u00eb pajisjeje elektronike b\u00ebhet skanimi dhe identifikimi i zarfit, duke p\u00ebrcaktuar nga cili shtet vjen dhe cilit qark i takon fleta e votimit. Zarfi i par\u00eb q\u00eb \u00ebsht\u00eb futur n\u00eb kutin\u00eb e votimit, pasi \u00ebsht\u00eb skanuar, i p\u00ebrket qarkut t\u00eb Beratit, nd\u00ebrsa votuesi q\u00eb e ka plot\u00ebsuar jeton n\u00eb Gjermani.<\/p>\n<p>Sipas t\u00eb dh\u00ebnave t\u00eb publikuara t\u00eb m\u00ebrkur\u00ebn nga Kryekomisioneri Ilirjan Celibashi, 36% e zarfeve (p\u00ebrkat\u00ebsisht 90 mij\u00eb flet\u00eb votimi) jan\u00eb shp\u00ebrndar\u00eb tashm\u00eb qytetar\u00ebve shqiptar\u00eb q\u00eb jetojn\u00eb jasht\u00eb vendit.<\/p>\n<p>N\u00eb nj\u00eb konferenc\u00eb p\u00ebr mediat, Celibashi b\u00ebri t\u00eb ditur se 111 zgjedh\u00ebsit e par\u00eb t\u00eb regjistruar nga diaspora kan\u00eb votuar tashm\u00eb, dhe zarfi me flet\u00ebn e votimit pritet t\u00eb mb\u00ebrrij\u00eb sot pasdite n\u00eb Shqip\u00ebri.<\/p>\n<p>\u201cS<em>htetet me shp\u00ebrndarjen m\u00eb t\u00eb madhe t\u00eb zarfeve jan\u00eb Italia, Greqia dhe Gjermania. Duam q\u00eb procesin ta p\u00ebrfundojm\u00eb brenda 2 dit\u00ebve. Sipas raporteve q\u00eb kemi marr\u00eb nga sh\u00ebrbimi postar, votuesi i par\u00eb, i cili i p\u00ebrket qarkut Dib\u00ebr dhe ndodhet n\u00eb Gjermani, e ka marr\u00eb zarfin n\u00eb or\u00ebn 07:15 minuta<\/em>\u201d, deklaroi Celibashi.<\/p>\n","protected":false},"excerpt":{"rendered":"<p>P\u00ebrfaq\u00ebsues nga Misioni i OSBE\/ODIHR, t\u00eb kryesuar nga Kreu i Misionit, Ambasadori Lamberto Zannier, dhe Kryekomisioneri i KQZ-s\u00eb, Ilirjan Celibashi, vizituan Parkun Olimpik, ku ndodhet qendra e grumbullimit t\u00eb zarfeve t\u00eb vot\u00ebs s\u00eb diaspor\u00ebs. Vizita e tyre kishte karakter inspektimi, p\u00ebr t\u00eb monitoruar pun\u00ebn n\u00eb k\u00ebt\u00eb qend\u00ebr, ku ka nisur administrimi i vot\u00ebs s\u00eb diaspor\u00ebs. [&hellip;]<\/p>\n","protected":false},"author":5,"featured_media":86626,"comment_status":"closed","ping_status":"closed","sticky":false,"template":"","format":"standard","meta":{"footnotes":""},"categories":[6332,29228],"tags":[35880,35879],"class_list":{"0":"post-86625","1":"post","2":"type-post","3":"status-publish","4":"format-standard","5":"has-post-thumbnail","7":"category-te-fundit","8":"category-vendi","9":"tag-kreu-i-osbe-ku-e-di-ai-qe-vota-ishte-per-ps","10":"tag-skandal-klosi-tha-se-vota-e-pare-nga-diaspora-ishte-e-jona"},"_links":{"self":[{"href":"https:\/\/jugulajm.net\/index.php?rest_route=\/wp\/v2\/posts\/86625","targetHints":{"allow":["GET"]}}],"collection":[{"href":"https:\/\/jugulajm.net\/index.php?rest_route=\/wp\/v2\/posts"}],"about":[{"href":"https:\/\/jugulajm.net\/index.php?rest_route=\/wp\/v2\/types\/post"}],"author":[{"embeddable":true,"href":"https:\/\/jugulajm.net\/index.php?rest_route=\/wp\/v2\/users\/5"}],"replies":[{"embeddable":true,"href":"https:\/\/jugulajm.net\/index.php?rest_route=%2Fwp%2Fv2%2Fcomments&post=86625"}],"version-history":[{"count":1,"href":"https:\/\/jugulajm.net\/index.php?rest_route=\/wp\/v2\/posts\/86625\/revisions"}],"predecessor-version":[{"id":86627,"href":"https:\/\/jugulajm.net\/index.php?rest_route=\/wp\/v2\/posts\/86625\/revisions\/86627"}],"wp:featuredmedia":[{"embeddable":true,"href":"https:\/\/jugulajm.net\/index.php?rest_route=\/wp\/v2\/media\/86626"}],"wp:attachment":[{"href":"https:\/\/jugulajm.net\/index.php?rest_route=%2Fwp%2Fv2%2Fmedia&parent=86625"}],"wp:term":[{"taxonomy":"category","embeddable":true,"href":"https:\/\/jugulajm.net\/index.php?rest_route=%2Fwp%2Fv2%2Fcategories&post=86625"},{"taxonomy":"post_tag","embeddable":true,"href":"https:\/\/jugulajm.net\/index.php?rest_route=%2Fwp%2Fv2%2Ftags&post=86625"}],"curies":[{"name":"wp","href":"https:\/\/api.w.org\/{rel}","templated":true}]}}