{"id":86612,"date":"2025-04-18T11:46:33","date_gmt":"2025-04-18T09:46:33","guid":{"rendered":"https:\/\/jugulajm.net\/?p=86612"},"modified":"2025-04-18T11:46:33","modified_gmt":"2025-04-18T09:46:33","slug":"curi-ua-perplas-ne-sy-ministrave-te-rames-shumica-juaj-po-kercenit-nga-belaja-sepse","status":"publish","type":"post","link":"https:\/\/jugulajm.net\/?p=86612","title":{"rendered":"Curi ua \u2018p\u00ebrplas\u2019 n\u00eb sy ministrave t\u00eb Ram\u00ebs: Shumica juaj po k\u00ebrcenit nga belaja sepse&#8230;"},"content":{"rendered":"<div class=\"firstP\">\n<p>Hapja e fushat\u00ebs zgjedhore t\u00eb Partis\u00eb Socialiste, \u00ebsht\u00eb kritikuar nga analisti Arjan Curi.<\/p>\n<div class=\"clearfix\">I ftuar n\u00eb \u2018Top Story\u2019, ai u \u201cp\u00ebrplas\u201d me ministrat Mazniku dhe Ibrahimaj, duke i th\u00ebn\u00eb se n\u00eb fushat\u00eb nuk ishte logoja e PS-s\u00eb dhe se t\u00eb gjith\u00eb ata \u201ck\u00ebrcenin nga belaja\u201d.<\/div>\n<\/div>\n<p><strong>Curi:<\/strong>\u00a0E di t\u00eb zgjuar nj\u00eb popull ti q\u00eb i jep kat\u00ebr mandate t\u00eb nj\u00ebjt\u00ebs parti?<\/p>\n<div class=\"adGroupWrapper\">\n<div class=\"adGroupWrapperInner\" data-max-slots=\"2\">\n<div class=\"oneAdBlock\">\n<div id=\"div-gpt-ad-1508427039785-2\" class=\"abd\" data-google-query-id=\"CNyes_LT4IwDFT6JgwcdzvUOsg\">\n<div id=\"google_ads_iframe_\/52408802\/TOPCHHOME2_0__container__\"><strong>Mazniku:<\/strong>\u00a0Merkeli q\u00ebndroi kat\u00ebr mandate.<\/div>\n<\/div>\n<\/div>\n<\/div>\n<\/div>\n<p><strong>Curi:<\/strong>\u00a0Merkeli kishte kat\u00ebr parti mbrapa. Mos u merr me Merkelin ti. Po s\u2019jemi k\u00ebtu p\u00ebr ahengje. Ju kishit zhdukur dhe partin\u00eb Socialiste. Flamuri i PS-s\u00eb nuk ishte. Logo e PS-s\u00eb nuk ishte. Ishte vet\u00ebm Edi (Rama). Gjuha e gjesteve tregon t\u00eb v\u00ebrtet\u00ebn m\u00eb shum\u00eb se fjal\u00ebt. Shumica juaj po k\u00ebrcenit nga belaja. T\u00eb gjith\u00eb ishit n\u00ebn nj\u00eb urdh\u00ebr hipnotizues. Kur ne themi q\u00eb shqiptar\u00ebt g\u00ebnjehen, ata prap\u00eb g\u00ebnjehen.<\/p>\n","protected":false},"excerpt":{"rendered":"<p>Hapja e fushat\u00ebs zgjedhore t\u00eb Partis\u00eb Socialiste, \u00ebsht\u00eb kritikuar nga analisti Arjan Curi. I ftuar n\u00eb \u2018Top Story\u2019, ai u \u201cp\u00ebrplas\u201d me ministrat Mazniku dhe Ibrahimaj, duke i th\u00ebn\u00eb se n\u00eb fushat\u00eb nuk ishte logoja e PS-s\u00eb dhe se t\u00eb gjith\u00eb ata \u201ck\u00ebrcenin nga belaja\u201d. Curi:\u00a0E di t\u00eb zgjuar nj\u00eb popull ti q\u00eb i jep [&hellip;]<\/p>\n","protected":false},"author":5,"featured_media":84836,"comment_status":"closed","ping_status":"closed","sticky":false,"template":"","format":"standard","meta":{"footnotes":""},"categories":[6332,29228],"tags":[35873],"class_list":{"0":"post-86612","1":"post","2":"type-post","3":"status-publish","4":"format-standard","5":"has-post-thumbnail","7":"category-te-fundit","8":"category-vendi","9":"tag-curi-ua-perplas-ne-sy-ministrave-te-rames-shumica-juaj-po-kercenit-nga-belaja-sepse"},"_links":{"self":[{"href":"https:\/\/jugulajm.net\/index.php?rest_route=\/wp\/v2\/posts\/86612","targetHints":{"allow":["GET"]}}],"collection":[{"href":"https:\/\/jugulajm.net\/index.php?rest_route=\/wp\/v2\/posts"}],"about":[{"href":"https:\/\/jugulajm.net\/index.php?rest_route=\/wp\/v2\/types\/post"}],"author":[{"embeddable":true,"href":"https:\/\/jugulajm.net\/index.php?rest_route=\/wp\/v2\/users\/5"}],"replies":[{"embeddable":true,"href":"https:\/\/jugulajm.net\/index.php?rest_route=%2Fwp%2Fv2%2Fcomments&post=86612"}],"version-history":[{"count":1,"href":"https:\/\/jugulajm.net\/index.php?rest_route=\/wp\/v2\/posts\/86612\/revisions"}],"predecessor-version":[{"id":86613,"href":"https:\/\/jugulajm.net\/index.php?rest_route=\/wp\/v2\/posts\/86612\/revisions\/86613"}],"wp:featuredmedia":[{"embeddable":true,"href":"https:\/\/jugulajm.net\/index.php?rest_route=\/wp\/v2\/media\/84836"}],"wp:attachment":[{"href":"https:\/\/jugulajm.net\/index.php?rest_route=%2Fwp%2Fv2%2Fmedia&parent=86612"}],"wp:term":[{"taxonomy":"category","embeddable":true,"href":"https:\/\/jugulajm.net\/index.php?rest_route=%2Fwp%2Fv2%2Fcategories&post=86612"},{"taxonomy":"post_tag","embeddable":true,"href":"https:\/\/jugulajm.net\/index.php?rest_route=%2Fwp%2Fv2%2Ftags&post=86612"}],"curies":[{"name":"wp","href":"https:\/\/api.w.org\/{rel}","templated":true}]}}