{"id":86606,"date":"2025-04-18T10:14:42","date_gmt":"2025-04-18T08:14:42","guid":{"rendered":"https:\/\/jugulajm.net\/?p=86606"},"modified":"2025-04-18T10:14:42","modified_gmt":"2025-04-18T08:14:42","slug":"video-takime-me-biznesin-prodhues-ne-gjirokaster-i-kandidateve-per-deputete-arben-ristani-alma-kore","status":"publish","type":"post","link":"https:\/\/jugulajm.net\/?p=86606","title":{"rendered":"VIDEO\/Takime me biznesin prodhues n\u00eb Gjirokast\u00ebr i kandidat\u00ebve p\u00ebr deputet\u00eb Arben Ristani &#038; Alma Kore"},"content":{"rendered":"<p>Kandidat\u00ebt p\u00ebr deputet\u00eb t\u00eb PD n\u00eb Qarkun e Gjirokastr\u00ebs Arben Ristani dhe Alma Kore-Buci, kan\u00eb zhvilluar takime me bizneset prodhuuese n\u00eb zon\u00ebn industriale t\u00eb Gjirokastr\u00ebs.<\/p>\n<p>Ulja e taksave p\u00ebr bizneset e vogla dhe ato prodhuese jan\u00eb n\u00eb programin bazik t\u00eb PD dhe t\u00eb zbatueshme nes\u00ebr n\u00eb pushtet. Kjo do t\u00eb leht\u00ebsonte mjaft bizneset \u00e7ka do t\u00eb p\u00ebrkthehej me rritje t\u00eb vendeve t\u00eb pun\u00ebs dhe rrogave. Si Ristani dhe kandidatja Kore-Buci kan\u00eb v\u00ebn\u00eb theksin n\u00eb strategjin\u00eb q\u00eb ka PD nes\u00ebr n\u00eb pushtet p\u00ebr Qarkun e Gjirokastr\u00eb\u00ebs duke i rikthyer shk\u00eblqimin e munguar gjat\u00eb 12 viteve t\u00eb fundit.<\/p>\n<p>Rikthimi i t\u00eb gjitha institucioneve t\u00eb munguara n\u00eb k\u00ebt\u00eb qark, do t\u2019u rikthej\u00eb shpres\u00ebn banor\u00ebve p\u00ebr nj\u00eb jet\u00eb m\u00eb dinjitoze. Nd\u00ebrkoh\u00eb q\u00eb PD garanton se institucionet e larguara prej Edi Ram\u00ebs nga Gjirokastra, do t\u00eb kthehen aty ku kan\u00eb qen\u00eb dhe si\u00e7 kan\u00eb qen\u00eb duke e ridimensionuar k\u00ebt\u00eb qark n\u00eb vendin q\u00eb i takonte. Nga ana e tyre punonj\u00ebset e bizneseve prodhuese jan\u00eb shprehur t\u00eb iandura se ndryshimi n\u00eb 11 maj do t\u00eb vij\u00eb dhe se Gjirokastra k\u00ebsaj her\u00eb do t\u00eb zgjohet dhe t\u00eb zgjedh\u00eb alternativ\u00ebn e duhur p\u00ebr rim\u00ebk\u00ebmbjen e k\u00ebtij qarku t\u00eb l\u00ebn\u00eb n\u00eb harres\u00eb.<\/p>\n","protected":false},"excerpt":{"rendered":"<p>Kandidat\u00ebt p\u00ebr deputet\u00eb t\u00eb PD n\u00eb Qarkun e Gjirokastr\u00ebs Arben Ristani dhe Alma Kore-Buci, kan\u00eb zhvilluar takime me bizneset prodhuuese n\u00eb zon\u00ebn industriale t\u00eb Gjirokastr\u00ebs. Ulja e taksave p\u00ebr bizneset e vogla dhe ato prodhuese jan\u00eb n\u00eb programin bazik t\u00eb PD dhe t\u00eb zbatueshme nes\u00ebr n\u00eb pushtet. Kjo do t\u00eb leht\u00ebsonte mjaft bizneset \u00e7ka do [&hellip;]<\/p>\n","protected":false},"author":5,"featured_media":86609,"comment_status":"closed","ping_status":"closed","sticky":false,"template":"","format":"video","meta":{"footnotes":""},"categories":[6326,6332,29228,26832],"tags":[35872,35871,21058],"class_list":{"0":"post-86606","1":"post","2":"type-post","3":"status-publish","4":"format-video","5":"has-post-thumbnail","7":"category-politike","8":"category-te-fundit","9":"category-vendi","10":"category-video","11":"tag-alma-kore","12":"tag-arben-ristani","13":"tag-pd","14":"post_format-post-format-video"},"_links":{"self":[{"href":"https:\/\/jugulajm.net\/index.php?rest_route=\/wp\/v2\/posts\/86606","targetHints":{"allow":["GET"]}}],"collection":[{"href":"https:\/\/jugulajm.net\/index.php?rest_route=\/wp\/v2\/posts"}],"about":[{"href":"https:\/\/jugulajm.net\/index.php?rest_route=\/wp\/v2\/types\/post"}],"author":[{"embeddable":true,"href":"https:\/\/jugulajm.net\/index.php?rest_route=\/wp\/v2\/users\/5"}],"replies":[{"embeddable":true,"href":"https:\/\/jugulajm.net\/index.php?rest_route=%2Fwp%2Fv2%2Fcomments&post=86606"}],"version-history":[{"count":1,"href":"https:\/\/jugulajm.net\/index.php?rest_route=\/wp\/v2\/posts\/86606\/revisions"}],"predecessor-version":[{"id":86610,"href":"https:\/\/jugulajm.net\/index.php?rest_route=\/wp\/v2\/posts\/86606\/revisions\/86610"}],"wp:featuredmedia":[{"embeddable":true,"href":"https:\/\/jugulajm.net\/index.php?rest_route=\/wp\/v2\/media\/86609"}],"wp:attachment":[{"href":"https:\/\/jugulajm.net\/index.php?rest_route=%2Fwp%2Fv2%2Fmedia&parent=86606"}],"wp:term":[{"taxonomy":"category","embeddable":true,"href":"https:\/\/jugulajm.net\/index.php?rest_route=%2Fwp%2Fv2%2Fcategories&post=86606"},{"taxonomy":"post_tag","embeddable":true,"href":"https:\/\/jugulajm.net\/index.php?rest_route=%2Fwp%2Fv2%2Ftags&post=86606"}],"curies":[{"name":"wp","href":"https:\/\/api.w.org\/{rel}","templated":true}]}}