{"id":86491,"date":"2025-04-16T09:06:49","date_gmt":"2025-04-16T07:06:49","guid":{"rendered":"https:\/\/jugulajm.net\/?p=86491"},"modified":"2025-04-16T10:02:19","modified_gmt":"2025-04-16T08:02:19","slug":"video-mjeshtri-gurgdhendes-gjirokastrit-ferdinand-makri-turistet-me-kerkojne-portretin-e-enverit-leninit-stalinit","status":"publish","type":"post","link":"https:\/\/jugulajm.net\/?p=86491","title":{"rendered":"VIDEO\/Mjeshtri gurgdh\u00ebnd\u00ebs gjirokastrit, Ferdinand Makri: Turist\u00ebt m\u00eb k\u00ebrkojn\u00eb portretin e Enverit, Leninit, Stalinit dhe&#8230;"},"content":{"rendered":"<p>Ferdinand Makri prej m\u00eb shum\u00eb se tre dekadash gdhend me dalte, duke u b\u00ebr\u00eb simbol i mjesht\u00ebris\u00eb s\u00eb gdhendjes s\u00eb gurit n\u00eb Gjirokast\u00ebr.\u00a0 I ulur n\u00eb nj\u00eb stol n\u00eb hyrje t\u00eb k\u00ebshtjell\u00ebs ai vazhdon nj\u00eb trash\u00ebgimi e len\u00eb prej t\u00eb atit ne kohen kur vlera e pun\u00ebs ishte m\u00eb e \u00e7mueshme se kurr\u00eb.\u00a0 Ferdinandi e skalit gurin n\u00eb moment. N\u00eb duart e tij, nj\u00eb gur i thjesht\u00eb shnd\u00ebrrohet n\u00eb nj\u00eb pamje piktoreske t\u00eb Gjirokastr\u00ebs, flamurin shqiptar, nj\u00eb lule delikate, apo \u00e7far\u00ebdo q\u00eb i k\u00ebrkon klienti.<\/p>\n<p>Un\u00eb e kam pas trash\u00ebgimi, nga gjyshi nga babai. E kam m\u00ebsuar k\u00ebt\u00eb zanat q\u00eb n\u00eb mosh\u00ebn 8 vje\u00e7 dhe e kam vazhduar pas viteve 90-91. Un\u00eb b\u00ebj gjith\u00e7ka. \u00c7ka jan\u00eb t\u00eb interesuar t\u00eb huajit, ata marrin gjith\u00e7ka. Pamje nga Gjirokastra nj\u00eb qen a nj\u00eb lepur, na nj\u00eb lule. \u00c7do gj\u00eb q\u00eb del nga dora ime e p\u00eblqejn\u00eb shum\u00eb-thote ai.<\/p>\n<p>Por k\u00ebrkesat m\u00eb t\u00eb pazakonta t\u00eb turist\u00ebve vijn\u00eb p\u00ebr portrete t\u00eb figurave t\u00eb komuniste.<\/p>\n<p>Gdhendjen e Enver Hoxh\u00ebs ma kan\u00eb k\u00ebrkuar, ma kan\u00eb k\u00ebrkuar shum\u00eb shpesh. Edhe stalinin. Sidomos koh\u00ebrave t\u00eb fundit kam pas shum\u00eb k\u00ebrkesa. Edhe p\u00ebr Stalinin po ashtu, por un\u00eb nuk i kam b\u00ebr\u00eb sepse k\u00ebrkon shum\u00eb koh\u00eb, p\u00ebrkushtim-thote ai.<\/p>\n<p>\u00c7do punim \u00ebsht\u00eb nj\u00eb proces i nd\u00ebrlikuar, ku emocionet luajn\u00eb rol t\u00eb madh. Varet nga gjendja emocionale. Sa m\u00eb n\u00eb form\u00eb t\u00eb jesh aq m\u00eb shpejt\u00eb e punon. Pastaj nj\u00eb punim mund t\u00eb shkoj\u00eb n\u00eb koh\u00ebzgjatje nga 2 or\u00eb deri n\u00eb 3 dit\u00eb. Varet edhe nga puna q\u00eb kam n\u00eb dor\u00eb.<\/p>\n<p>Gdhendja e gurit \u00ebsht\u00eb burim i r\u00ebnd\u00ebsish\u00ebm jetese p\u00ebr gurgdhend\u00ebsin gjirokastrit. Un\u00eb k\u00ebt\u00eb e kam gjet si nj\u00eb mund\u00ebsi pune, thjesht e shoh sikur jam I pun\u00ebsuar edhe marr nj\u00eb rrog\u00eb. Jam I k\u00ebnaqur me nj\u00eb rrog\u00eb 500-700 mij\u00eb n\u00eb muaj dhe arrij t\u00eb ha. Gjat\u00eb dimrit nuk \u00ebsht\u00eb na nj\u00eb gj\u00eb kushedi. Por k\u00ebto muaj deri n\u00eb fund t\u00eb tetorit jam mir\u00eb. K\u00ebto 4-5 muaj punoj-yhote mjeshtri Makri.<\/p>\n<p>Ferdinand Makri e trash\u00ebguar zanatin tek djali e nipi dhe kjo p\u00ebr t\u00eb \u00ebsht\u00eb fitorja me e madhe.<\/p>\n","protected":false},"excerpt":{"rendered":"<p>Ferdinand Makri prej m\u00eb shum\u00eb se tre dekadash gdhend me dalte, duke u b\u00ebr\u00eb simbol i mjesht\u00ebris\u00eb s\u00eb gdhendjes s\u00eb gurit n\u00eb Gjirokast\u00ebr.\u00a0 I ulur n\u00eb nj\u00eb stol n\u00eb hyrje t\u00eb k\u00ebshtjell\u00ebs ai vazhdon nj\u00eb trash\u00ebgimi e len\u00eb prej t\u00eb atit ne kohen kur vlera e pun\u00ebs ishte m\u00eb e \u00e7mueshme se kurr\u00eb.\u00a0 Ferdinandi e [&hellip;]<\/p>\n","protected":false},"author":5,"featured_media":86493,"comment_status":"closed","ping_status":"closed","sticky":false,"template":"","format":"video","meta":{"footnotes":""},"categories":[7665,6332,29228,26832],"tags":[35831,22051],"class_list":{"0":"post-86491","1":"post","2":"type-post","3":"status-publish","4":"format-video","5":"has-post-thumbnail","7":"category-art","8":"category-te-fundit","9":"category-vendi","10":"category-video","11":"tag-ferdinand-makri","12":"tag-gjirokastra","13":"post_format-post-format-video"},"_links":{"self":[{"href":"https:\/\/jugulajm.net\/index.php?rest_route=\/wp\/v2\/posts\/86491","targetHints":{"allow":["GET"]}}],"collection":[{"href":"https:\/\/jugulajm.net\/index.php?rest_route=\/wp\/v2\/posts"}],"about":[{"href":"https:\/\/jugulajm.net\/index.php?rest_route=\/wp\/v2\/types\/post"}],"author":[{"embeddable":true,"href":"https:\/\/jugulajm.net\/index.php?rest_route=\/wp\/v2\/users\/5"}],"replies":[{"embeddable":true,"href":"https:\/\/jugulajm.net\/index.php?rest_route=%2Fwp%2Fv2%2Fcomments&post=86491"}],"version-history":[{"count":2,"href":"https:\/\/jugulajm.net\/index.php?rest_route=\/wp\/v2\/posts\/86491\/revisions"}],"predecessor-version":[{"id":86497,"href":"https:\/\/jugulajm.net\/index.php?rest_route=\/wp\/v2\/posts\/86491\/revisions\/86497"}],"wp:featuredmedia":[{"embeddable":true,"href":"https:\/\/jugulajm.net\/index.php?rest_route=\/wp\/v2\/media\/86493"}],"wp:attachment":[{"href":"https:\/\/jugulajm.net\/index.php?rest_route=%2Fwp%2Fv2%2Fmedia&parent=86491"}],"wp:term":[{"taxonomy":"category","embeddable":true,"href":"https:\/\/jugulajm.net\/index.php?rest_route=%2Fwp%2Fv2%2Fcategories&post=86491"},{"taxonomy":"post_tag","embeddable":true,"href":"https:\/\/jugulajm.net\/index.php?rest_route=%2Fwp%2Fv2%2Ftags&post=86491"}],"curies":[{"name":"wp","href":"https:\/\/api.w.org\/{rel}","templated":true}]}}