{"id":86433,"date":"2025-04-14T20:37:54","date_gmt":"2025-04-14T18:37:54","guid":{"rendered":"https:\/\/jugulajm.net\/?p=86433"},"modified":"2025-04-14T20:37:54","modified_gmt":"2025-04-14T18:37:54","slug":"kercenimi-ndaj-gazetarit-te-jugulajm-reagon-deputeti-shehu-organet-ligjzbatuese-te-marrin-menjehere-te-gjitha-masat","status":"publish","type":"post","link":"https:\/\/jugulajm.net\/?p=86433","title":{"rendered":"K\u00ebrc\u00ebnimi ndaj gazetarit t\u00eb &#8216;Jugulajm&#8217;, reagon deputeti Shehu: Organet ligjzbatuese t\u00eb marrin menj\u00ebher\u00eb t\u00eb gjitha masat"},"content":{"rendered":"<p>Deputeti demokrat per Qarkun Gjirokaster, Tritan Shehu, ka reaguar per kercenimin me jete te gazetarit te &#8221;Jugulajm&#8221;, Piro Nase, nga Jton Muxhaj, militanti socialist i Mirela Kumbaros dhe Flamur Golemit.<\/p>\n<p>Permes nje postimi ne fb deputeti Shehu i ka kerkuar organeve ligjzbatuese, q\u00eb t\u00eb marrin menj\u00ebher\u00eb t\u00eb gjitha masat p\u00ebr t\u00eb garantuar sigurin\u00eb e \u00e7do qytetari dhe p\u00ebr t\u00eb nd\u00ebshkuar k\u00ebrc\u00ebnimet dhe autor\u00ebt pas tyre.<\/p>\n<p><strong>Ja reagimi i plote i Shehut:<\/strong><\/p>\n<div class=\"xdj266r x11i5rnm xat24cr x1mh8g0r x1vvkbs x126k92a\">\n<div dir=\"auto\">KERCENOHET MEDIA<\/div>\n<div dir=\"auto\">Frika nga nd\u00ebshkimi me vot\u00eb i ka \u00e7uar pushtetar\u00ebt t\u00eb p\u00ebrdorin shantazhin dhe k\u00ebrc\u00ebnimin, madje edhe ndaj gazetar\u00ebve.<\/div>\n<div dir=\"auto\">Dje, gazetari i mir\u00ebnjohur P.N \u00ebsht\u00eb k\u00ebrc\u00ebnuar me jet\u00ebn e tij dhe t\u00eb familjar\u00ebve nga persona t\u00eb lidhur me fushat\u00ebn elektorale t\u00eb Partis\u00eb Socialiste. Kjo ngjarje e r\u00ebnd\u00eb ka ndodhur p\u00ebr arsye thjesht politike.<\/div>\n<\/div>\n<div class=\"x11i5rnm xat24cr x1mh8g0r x1vvkbs xtlvy1s x126k92a\">\n<div dir=\"auto\">P.N e ka b\u00ebr\u00eb denoncimin pran\u00eb organeve ligjzbatuese, t\u00eb cilat u b\u00ebj thirrje publike t\u00eb marrin menj\u00ebher\u00eb t\u00eb gjitha masat p\u00ebr t\u00eb garantuar sigurin\u00eb e \u00e7do qytetari dhe p\u00ebr t\u00eb nd\u00ebshkuar k\u00ebrc\u00ebnimet dhe autor\u00ebt pas tyre.<\/div>\n<\/div>\n<div class=\"x11i5rnm xat24cr x1mh8g0r x1vvkbs xtlvy1s x126k92a\">\n<div dir=\"auto\">Askush nuk duhet t\u00eb k\u00ebrc\u00ebnohet. Liria e medias dhe siguria e qytetar\u00ebve jan\u00eb vija t\u00eb kuqe.<img decoding=\"async\" src=\"https:\/\/scontent.ftia5-1.fna.fbcdn.net\/v\/t39.30808-6\/491135787_1190653105847565_1474392727509041749_n.jpg?stp=dst-jpg_p526x296_tt6&amp;_nc_cat=111&amp;ccb=1-7&amp;_nc_sid=833d8c&amp;_nc_ohc=MzgOK1pTH5oQ7kNvwGzSRwu&amp;_nc_oc=AdkuBFD7jhgw8lV31dclI8SDP0Sd9IOd7cySh5SxIgLww22Afx5DI6HD414xn8GX-Pw&amp;_nc_zt=23&amp;_nc_ht=scontent.ftia5-1.fna&amp;_nc_gid=s6xzheSOhV36fDTpr6iHbw&amp;oh=00_AfGmJNdFMMGdM8cey3EPNXYAMr-OhyZ37H_G4J4J3ZGLMg&amp;oe=6803382A\" alt=\"Mund t\u00eb jet\u00eb nj\u00eb imazh i am\u00eb e bilet\u00ebs dhe teksti\" \/><\/div>\n<\/div>\n<p>&nbsp;<\/p>\n","protected":false},"excerpt":{"rendered":"<p>Deputeti demokrat per Qarkun Gjirokaster, Tritan Shehu, ka reaguar per kercenimin me jete te gazetarit te &#8221;Jugulajm&#8221;, Piro Nase, nga Jton Muxhaj, militanti socialist i Mirela Kumbaros dhe Flamur Golemit. Permes nje postimi ne fb deputeti Shehu i ka kerkuar organeve ligjzbatuese, q\u00eb t\u00eb marrin menj\u00ebher\u00eb t\u00eb gjitha masat p\u00ebr t\u00eb garantuar sigurin\u00eb e \u00e7do [&hellip;]<\/p>\n","protected":false},"author":5,"featured_media":55094,"comment_status":"closed","ping_status":"closed","sticky":false,"template":"","format":"standard","meta":{"footnotes":""},"categories":[1,6326,6332,29228],"tags":[35803,35804],"class_list":{"0":"post-86433","1":"post","2":"type-post","3":"status-publish","4":"format-standard","5":"has-post-thumbnail","7":"category-aktualitet","8":"category-politike","9":"category-te-fundit","10":"category-vendi","11":"tag-kercenimi-ndaj-gazetarit-te-jugulajm","12":"tag-reagon-deputeti-shehu-organet-ligjzbatuese-te-marrin-menjehere-te-gjitha-masat"},"_links":{"self":[{"href":"https:\/\/jugulajm.net\/index.php?rest_route=\/wp\/v2\/posts\/86433","targetHints":{"allow":["GET"]}}],"collection":[{"href":"https:\/\/jugulajm.net\/index.php?rest_route=\/wp\/v2\/posts"}],"about":[{"href":"https:\/\/jugulajm.net\/index.php?rest_route=\/wp\/v2\/types\/post"}],"author":[{"embeddable":true,"href":"https:\/\/jugulajm.net\/index.php?rest_route=\/wp\/v2\/users\/5"}],"replies":[{"embeddable":true,"href":"https:\/\/jugulajm.net\/index.php?rest_route=%2Fwp%2Fv2%2Fcomments&post=86433"}],"version-history":[{"count":1,"href":"https:\/\/jugulajm.net\/index.php?rest_route=\/wp\/v2\/posts\/86433\/revisions"}],"predecessor-version":[{"id":86434,"href":"https:\/\/jugulajm.net\/index.php?rest_route=\/wp\/v2\/posts\/86433\/revisions\/86434"}],"wp:featuredmedia":[{"embeddable":true,"href":"https:\/\/jugulajm.net\/index.php?rest_route=\/wp\/v2\/media\/55094"}],"wp:attachment":[{"href":"https:\/\/jugulajm.net\/index.php?rest_route=%2Fwp%2Fv2%2Fmedia&parent=86433"}],"wp:term":[{"taxonomy":"category","embeddable":true,"href":"https:\/\/jugulajm.net\/index.php?rest_route=%2Fwp%2Fv2%2Fcategories&post=86433"},{"taxonomy":"post_tag","embeddable":true,"href":"https:\/\/jugulajm.net\/index.php?rest_route=%2Fwp%2Fv2%2Ftags&post=86433"}],"curies":[{"name":"wp","href":"https:\/\/api.w.org\/{rel}","templated":true}]}}