{"id":86343,"date":"2025-04-12T17:18:05","date_gmt":"2025-04-12T15:18:05","guid":{"rendered":"https:\/\/jugulajm.net\/?p=86343"},"modified":"2025-04-12T17:18:05","modified_gmt":"2025-04-12T15:18:05","slug":"emri-foto-26-vjecarja-nderron-jete-pas-renies-nga-kati-i-17-te-i-dashuri-dyshohet-se-nxiti-vetevrasjen","status":"publish","type":"post","link":"https:\/\/jugulajm.net\/?p=86343","title":{"rendered":"EMRI-FOTO\/ 26-vje\u00e7arja nd\u00ebrron jet\u00eb pas r\u00ebnies nga kati i 17-t\u00eb, i dashuri dyshohet se nxiti vet\u00ebvrasjen"},"content":{"rendered":"<p>Nj\u00eb ngjarje e r\u00ebnd\u00eb ka tronditur kryeqytetin dit\u00ebn e djeshme, kur nj\u00eb vajz\u00eb e re humbi jet\u00ebn n\u00eb rrethana dramatike n\u00eb lagjen \u201c<em>Lakrisht\u00eb<\/em>\u201d t\u00eb Prishtin\u00ebs.<\/p>\n<p>26-vje\u00e7arja Xheneta Ejupi, ra nga kati i 17-t\u00eb i nj\u00eb nd\u00ebrtese banimi dhe nd\u00ebrroi jet\u00eb n\u00eb vend.<\/p>\n<p>Burime nga vendi i ngjarjes b\u00ebjn\u00eb t\u00eb ditur se viktima kishte jetuar me qira n\u00eb at\u00eb apartament dhe dyshohet se p\u00ebr nj\u00eb periudh\u00eb t\u00eb gjat\u00eb kohore kishte qen\u00eb n\u00ebn presion t\u00eb madh psikologjik nga partneri i saj, 30-vje\u00e7ari, Valmir Sheqiri.<\/p>\n<p>Sipas Policis\u00eb s\u00eb Kosov\u00ebs, i dyshuari \u00ebsht\u00eb arrestuar dhe ndaj tij \u00ebsht\u00eb iniciuar procedur\u00eb penale p\u00ebr vepr\u00ebn penale \u201c<em>nxitje n\u00eb vet\u00ebvrasje<\/em>\u201d.<\/p>\n<p>Hetuesit kan\u00eb nd\u00ebrmarr\u00eb veprimet e para menj\u00ebher\u00eb pas incidentit, duke b\u00ebr\u00eb ekzaminimet p\u00ebrkat\u00ebse.<\/p>\n<p>Me urdh\u00ebr t\u00eb Prokuroris\u00eb, i dyshuari \u00ebsht\u00eb ndaluar p\u00ebr 48 or\u00eb n\u00eb kuad\u00ebr t\u00eb hetimeve q\u00eb jan\u00eb ende n\u00eb zhvillim.<\/p>\n<p>Trupi i pajet\u00eb i s\u00eb ndjer\u00ebs \u00ebsht\u00eb d\u00ebrguar p\u00ebr obduksion n\u00eb Institutin e Mjek\u00ebsis\u00eb Ligjore, nd\u00ebrkoh\u00eb q\u00eb familjar\u00ebt kan\u00eb b\u00ebr\u00eb t\u00eb ditur se ceremonia mortore do t\u00eb mbahet sot n\u00eb or\u00ebn 18:00.<\/p>\n<p>Lajmi i hidhur \u00ebsht\u00eb konfirmuar edhe nga nj\u00eb familjar i viktim\u00ebs p\u00ebrmes rrjeteve sociale, me fjal\u00ebt prek\u00ebse: \u201c<em>Te Allahut jemi dhe te Ai do t\u00eb kthehemi<\/em>\u201d.<\/p>\n<p>Nd\u00ebrsa institucionet p\u00ebrkat\u00ebse vazhdojn\u00eb hetimet p\u00ebr t\u00eb zbardhur plot\u00ebsisht k\u00ebt\u00eb rast t\u00eb r\u00ebnd\u00eb.<\/p>\n","protected":false},"excerpt":{"rendered":"<p>Nj\u00eb ngjarje e r\u00ebnd\u00eb ka tronditur kryeqytetin dit\u00ebn e djeshme, kur nj\u00eb vajz\u00eb e re humbi jet\u00ebn n\u00eb rrethana dramatike n\u00eb lagjen \u201cLakrisht\u00eb\u201d t\u00eb Prishtin\u00ebs. 26-vje\u00e7arja Xheneta Ejupi, ra nga kati i 17-t\u00eb i nj\u00eb nd\u00ebrtese banimi dhe nd\u00ebrroi jet\u00eb n\u00eb vend. Burime nga vendi i ngjarjes b\u00ebjn\u00eb t\u00eb ditur se viktima kishte jetuar me [&hellip;]<\/p>\n","protected":false},"author":5,"featured_media":86344,"comment_status":"closed","ping_status":"closed","sticky":false,"template":"","format":"standard","meta":{"footnotes":""},"categories":[1,27451,6332],"tags":[35770,35771],"class_list":{"0":"post-86343","1":"post","2":"type-post","3":"status-publish","4":"format-standard","5":"has-post-thumbnail","7":"category-aktualitet","8":"category-kosova","9":"category-te-fundit","10":"tag-emri-foto-26-vjecarja-nderron-jete-pas-renies-nga-kati-i-17-te","11":"tag-i-dashuri-dyshohet-se-nxiti-vetevrasjen"},"_links":{"self":[{"href":"https:\/\/jugulajm.net\/index.php?rest_route=\/wp\/v2\/posts\/86343","targetHints":{"allow":["GET"]}}],"collection":[{"href":"https:\/\/jugulajm.net\/index.php?rest_route=\/wp\/v2\/posts"}],"about":[{"href":"https:\/\/jugulajm.net\/index.php?rest_route=\/wp\/v2\/types\/post"}],"author":[{"embeddable":true,"href":"https:\/\/jugulajm.net\/index.php?rest_route=\/wp\/v2\/users\/5"}],"replies":[{"embeddable":true,"href":"https:\/\/jugulajm.net\/index.php?rest_route=%2Fwp%2Fv2%2Fcomments&post=86343"}],"version-history":[{"count":1,"href":"https:\/\/jugulajm.net\/index.php?rest_route=\/wp\/v2\/posts\/86343\/revisions"}],"predecessor-version":[{"id":86345,"href":"https:\/\/jugulajm.net\/index.php?rest_route=\/wp\/v2\/posts\/86343\/revisions\/86345"}],"wp:featuredmedia":[{"embeddable":true,"href":"https:\/\/jugulajm.net\/index.php?rest_route=\/wp\/v2\/media\/86344"}],"wp:attachment":[{"href":"https:\/\/jugulajm.net\/index.php?rest_route=%2Fwp%2Fv2%2Fmedia&parent=86343"}],"wp:term":[{"taxonomy":"category","embeddable":true,"href":"https:\/\/jugulajm.net\/index.php?rest_route=%2Fwp%2Fv2%2Fcategories&post=86343"},{"taxonomy":"post_tag","embeddable":true,"href":"https:\/\/jugulajm.net\/index.php?rest_route=%2Fwp%2Fv2%2Ftags&post=86343"}],"curies":[{"name":"wp","href":"https:\/\/api.w.org\/{rel}","templated":true}]}}