{"id":86320,"date":"2025-04-11T17:04:39","date_gmt":"2025-04-11T15:04:39","guid":{"rendered":"https:\/\/jugulajm.net\/?p=86320"},"modified":"2025-04-11T17:04:39","modified_gmt":"2025-04-11T15:04:39","slug":"mberrin-ne-shengjin-anija-libra-40-te-debuarit-e-pare-nga-italia-do-te-akomodohen-ne-gjader","status":"publish","type":"post","link":"https:\/\/jugulajm.net\/?p=86320","title":{"rendered":"Mb\u00ebrrin n\u00eb Sh\u00ebngjin anija \u2018Libra\u2019, 40 t\u00eb d\u00ebbuarit e par\u00eb nga Italia do t\u00eb akomodohen n\u00eb Gjad\u00ebr"},"content":{"rendered":"<p>Sot ka mb\u00ebrritur n\u00eb Portin e Sh\u00ebngjinit nj\u00eb anije me 40 emigrant\u00eb nga Italia, n\u00eb kuad\u00ebr t\u00eb marr\u00ebveshjes mes dy vendeve p\u00ebr menaxhimin e emigracionit jasht\u00eb territorit italian.<\/p>\n<p>Anija, e dhuruar nga qeveria italiane, kishte planifikuar t\u00eb mb\u00ebrrinte nj\u00eb dit\u00eb m\u00eb par\u00eb, por lundrimi u shty p\u00ebr sot.<\/p>\n<p>Emigrant\u00ebt, shtetas t\u00eb komb\u00ebsive t\u00eb ndryshme, ishin ndaluar n\u00eb qendr\u00ebn e pritjes n\u00eb Brindizi (CPR) dhe jan\u00eb transferuar n\u00eb Shqip\u00ebri n\u00eb baz\u00eb t\u00eb dekretit t\u00eb 28 marsit, i cili lejon transferimin e azilk\u00ebrkuesve t\u00eb kapur n\u00eb det, si dhe t\u00eb migrant\u00ebve t\u00eb parregullt q\u00eb kan\u00eb marr\u00eb urdh\u00ebr d\u00ebbimi nga autoritetet italiane.<\/p>\n<p>Ata do t\u00eb strehohen n\u00eb kampin e Gjadrit, q\u00eb tashm\u00eb funksionon si qend\u00ebr zyrtare riatdhesimi.<\/p>\n<p>Kjo \u00ebsht\u00eb hera e kat\u00ebrt q\u00eb emigrant\u00eb italian\u00eb mb\u00ebrrijn\u00eb n\u00eb Sh\u00ebngjin, pas grupeve t\u00eb ardhura n\u00eb tetor, n\u00ebntor dhe janar.<\/p>\n<p>N\u00eb dy rastet e para, vendimet gjyq\u00ebsore n\u00eb Itali kishin pezulluar d\u00ebrgimin e tyre, duke ngritur shqet\u00ebsime p\u00ebr listat e vendeve t\u00eb origjin\u00ebs dhe vler\u00ebsimet individuale t\u00eb siguris\u00eb.<\/p>\n<p>Marr\u00ebveshja p\u00ebr nd\u00ebrtimin dhe p\u00ebrdorimin e k\u00ebtyre qendrave n\u00eb Shqip\u00ebri u n\u00ebnshkrua n\u00eb vitin 2023 nga kryeministrja italiane Giorgia Meloni dhe kryeministri shqiptar Edi Rama.<\/p>\n<p>Ajo u prit me kritika t\u00eb ashpra nga organizatat p\u00ebr t\u00eb drejtat e njeriut, q\u00eb e cil\u00ebsuan si nj\u00eb p\u00ebrpjekje p\u00ebr t\u00eb zhvendosur problemet e emigracionit n\u00eb vende m\u00eb t\u00eb dob\u00ebta ligj\u00ebrisht dhe ekonomikisht.<\/p>\n<p>M\u00eb 30 dhjetor 2024, Gjykata e Kasacionit n\u00eb Itali i dha t\u00eb drejt\u00eb qeveris\u00eb italiane, duke konfirmuar se \u00e7do shtet ka t\u00eb drejt\u00eb t\u00eb p\u00ebrcaktoj\u00eb vet\u00eb list\u00ebn e vendeve t\u00eb sigurta, nj\u00eb pik\u00eb ky\u00e7e n\u00eb justifikimin e marr\u00ebveshjes me Shqip\u00ebrin\u00eb.<\/p>\n<p>Nd\u00ebrkoh\u00eb, opozita italiane ka kritikuar ashp\u00ebr marr\u00ebveshjen p\u00ebr koston e lart\u00eb prej 800 milion\u00eb eurosh n\u00eb pes\u00eb vite, duke theksuar se nuk adreson rr\u00ebnj\u00ebt e kriz\u00ebs s\u00eb emigracionit.<\/p>\n<p>N\u00eb t\u00eb kund\u00ebrt, disa lider\u00eb t\u00eb BE-s\u00eb dhe vet\u00eb Komisioni Evropian kan\u00eb shprehur interes p\u00ebr t\u00eb shnd\u00ebrruar k\u00ebt\u00eb model n\u00eb nj\u00eb praktik\u00eb m\u00eb t\u00eb gjer\u00eb p\u00ebr menaxhimin e emigracionit jasht\u00eb BE-s\u00eb.<\/p>\n","protected":false},"excerpt":{"rendered":"<p>Sot ka mb\u00ebrritur n\u00eb Portin e Sh\u00ebngjinit nj\u00eb anije me 40 emigrant\u00eb nga Italia, n\u00eb kuad\u00ebr t\u00eb marr\u00ebveshjes mes dy vendeve p\u00ebr menaxhimin e emigracionit jasht\u00eb territorit italian. Anija, e dhuruar nga qeveria italiane, kishte planifikuar t\u00eb mb\u00ebrrinte nj\u00eb dit\u00eb m\u00eb par\u00eb, por lundrimi u shty p\u00ebr sot. Emigrant\u00ebt, shtetas t\u00eb komb\u00ebsive t\u00eb ndryshme, ishin [&hellip;]<\/p>\n","protected":false},"author":5,"featured_media":67566,"comment_status":"closed","ping_status":"closed","sticky":false,"template":"","format":"standard","meta":{"footnotes":""},"categories":[1,6332],"tags":[35760,35759],"class_list":{"0":"post-86320","1":"post","2":"type-post","3":"status-publish","4":"format-standard","5":"has-post-thumbnail","7":"category-aktualitet","8":"category-te-fundit","9":"tag-40-te-debuarit-e-pare-nga-italia-do-te-akomodohen-ne-gjader","10":"tag-mberrin-ne-shengjin-anija-libra"},"_links":{"self":[{"href":"https:\/\/jugulajm.net\/index.php?rest_route=\/wp\/v2\/posts\/86320","targetHints":{"allow":["GET"]}}],"collection":[{"href":"https:\/\/jugulajm.net\/index.php?rest_route=\/wp\/v2\/posts"}],"about":[{"href":"https:\/\/jugulajm.net\/index.php?rest_route=\/wp\/v2\/types\/post"}],"author":[{"embeddable":true,"href":"https:\/\/jugulajm.net\/index.php?rest_route=\/wp\/v2\/users\/5"}],"replies":[{"embeddable":true,"href":"https:\/\/jugulajm.net\/index.php?rest_route=%2Fwp%2Fv2%2Fcomments&post=86320"}],"version-history":[{"count":1,"href":"https:\/\/jugulajm.net\/index.php?rest_route=\/wp\/v2\/posts\/86320\/revisions"}],"predecessor-version":[{"id":86321,"href":"https:\/\/jugulajm.net\/index.php?rest_route=\/wp\/v2\/posts\/86320\/revisions\/86321"}],"wp:featuredmedia":[{"embeddable":true,"href":"https:\/\/jugulajm.net\/index.php?rest_route=\/wp\/v2\/media\/67566"}],"wp:attachment":[{"href":"https:\/\/jugulajm.net\/index.php?rest_route=%2Fwp%2Fv2%2Fmedia&parent=86320"}],"wp:term":[{"taxonomy":"category","embeddable":true,"href":"https:\/\/jugulajm.net\/index.php?rest_route=%2Fwp%2Fv2%2Fcategories&post=86320"},{"taxonomy":"post_tag","embeddable":true,"href":"https:\/\/jugulajm.net\/index.php?rest_route=%2Fwp%2Fv2%2Ftags&post=86320"}],"curies":[{"name":"wp","href":"https:\/\/api.w.org\/{rel}","templated":true}]}}