{"id":86244,"date":"2025-04-09T14:19:48","date_gmt":"2025-04-09T12:19:48","guid":{"rendered":"https:\/\/jugulajm.net\/?p=86244"},"modified":"2025-04-09T14:21:38","modified_gmt":"2025-04-09T12:21:38","slug":"grevat-paralizojne-greqine-anulohen-te-gjitha-fluturimet-dhe","status":"publish","type":"post","link":"https:\/\/jugulajm.net\/?p=86244","title":{"rendered":"Grevat paralizojn\u00eb Greqin\u00eb, anulohen t\u00eb gjitha fluturimet dhe&#8230;"},"content":{"rendered":"<p><span style=\"vertical-align: inherit;\"><span style=\"vertical-align: inherit;\">Greqia \u00ebsht\u00eb e p\u00ebrfshir\u00eb sot nga nj\u00eb grev\u00eb mbar\u00ebkomb\u00ebtare 24-or\u00ebshe q\u00eb ka paralizuar aktivitetin n\u00eb t\u00eb gjith\u00eb vendin, p\u00ebrfshin Athin\u00ebn, Selanikun dhe qytetet e tjera t\u00eb m\u00ebdha.<\/span><\/span><\/p>\n<p><span style=\"vertical-align: inherit;\"><span style=\"vertical-align: inherit;\">Greva \u00ebsht\u00eb thirrur nga Konfederata e P\u00ebrgjithshme e Punonj\u00ebsve t\u00eb Sektorit Privat (GSEE) dhe Konfederata e Administrat\u00ebs Publike (ADEDY), t\u00eb drejta nga dhjet\u00ebra sindikata, federata dhe organizata nga t\u00eb dy sektor\u00ebt.<\/span><\/span><\/p>\n<p><span style=\"vertical-align: inherit;\"><span style=\"vertical-align: inherit;\">Nd\u00ebrtesat kryesore t\u00eb grevist\u00ebve jan\u00eb rritja e pagave, rikthimi i faqeve t\u00eb 13-t\u00eb dhe 14-t\u00eb, si dhe rivendosja e kontratave kolektive t\u00eb pun\u00ebs. Protestuesit kan\u00eb marr\u00eb nj\u00eb tjet\u00ebr z\u00ebrin kund\u00ebr rritjes s\u00eb kostos s\u00eb d\u00ebmit, inflacionit t\u00eb lart\u00eb dhe d\u00ebmtimit t\u00eb nj\u00eb pjese t\u00eb madhe t\u00eb popullsis\u00eb.<\/span><\/span><\/p>\n<p><span style=\"vertical-align: inherit;\"><span style=\"vertical-align: inherit;\">Si ndikim e grev\u00ebs, nj\u00eb shum\u00eb n\u00eb zon\u00ebn \u00ebsht\u00eb pezulluar. Anijet jan\u00eb ndalur n\u00eb porte dhe transporti ajror \u00ebsht\u00eb ai q\u00eb \u00ebsht\u00eb bllokuar. Autoriteti i Aviacionit Civil njofton se t\u00eb gjitha fluturimet jan\u00eb anuluar, q\u00eb p\u00ebrfshijn\u00eb ato mes Greqis\u00eb dhe Shqip\u00ebris\u00eb.<\/span><\/span><\/p>\n<p><span style=\"vertical-align: inherit;\"><span style=\"vertical-align: inherit;\">Do t\u00eb lejohen vet\u00ebm fluturimet emergjente dhe t\u00eb terapis\u00eb. Edhe Aeroi Nd\u00ebrkomb\u00ebtar i Rinasit ka n\u00eb faqen e tij zyrtare t\u00eb gjitha udh\u00ebtimet me Athin\u00ebn jan\u00eb anuluar.<\/span><\/span><\/p>\n<p><span style=\"vertical-align: inherit;\"><span style=\"vertical-align: inherit;\">Greva ka p\u00ebrfshir\u00eb edhe sektorin e arsimit. M\u00ebsues, pedagog\u00eb dhe student\u00eb kan\u00eb dal\u00eb n\u00eb protest\u00eb, duke k\u00ebrkuar arsim t\u00eb kushteve n\u00eb sistem dhe kund\u00ebrshtuar planetin p\u00ebr hapjen e universiteteve private. Student\u00ebt jan\u00eb m\u00eb shum\u00eb n\u00eb rritje p\u00ebr tarifat e mjek\u00ebsis\u00eb ekonomike gjat\u00eb studimeve.<\/span><\/span><\/p>\n<p><span style=\"vertical-align: inherit;\"><span style=\"vertical-align: inherit;\">Sipas autoriteteve, deri m\u00eb tani jan\u00eb arrestuar gjasht\u00eb persona gjat\u00eb protestave, nd\u00ebrsa pritet q\u00eb l\u00ebvizjet sindikale t\u00eb b\u00ebjn\u00eb n\u00eb dit\u00ebt n\u00eb vijim edhe n\u00ebse tire nuk merren parasysh nga qeveria.<\/span><\/span><\/p>\n","protected":false},"excerpt":{"rendered":"<p>Greqia \u00ebsht\u00eb e p\u00ebrfshir\u00eb sot nga nj\u00eb grev\u00eb mbar\u00ebkomb\u00ebtare 24-or\u00ebshe q\u00eb ka paralizuar aktivitetin n\u00eb t\u00eb gjith\u00eb vendin, p\u00ebrfshin Athin\u00ebn, Selanikun dhe qytetet e tjera t\u00eb m\u00ebdha. Greva \u00ebsht\u00eb thirrur nga Konfederata e P\u00ebrgjithshme e Punonj\u00ebsve t\u00eb Sektorit Privat (GSEE) dhe Konfederata e Administrat\u00ebs Publike (ADEDY), t\u00eb drejta nga dhjet\u00ebra sindikata, federata dhe organizata nga [&hellip;]<\/p>\n","protected":false},"author":5,"featured_media":86246,"comment_status":"closed","ping_status":"closed","sticky":false,"template":"","format":"standard","meta":{"footnotes":""},"categories":[1,6332],"tags":[35721,35720],"class_list":{"0":"post-86244","1":"post","2":"type-post","3":"status-publish","4":"format-standard","5":"has-post-thumbnail","7":"category-aktualitet","8":"category-te-fundit","9":"tag-anulohen-te-gjitha-fluturimet-dhe","10":"tag-grevat-paralizojne-greqine"},"_links":{"self":[{"href":"https:\/\/jugulajm.net\/index.php?rest_route=\/wp\/v2\/posts\/86244","targetHints":{"allow":["GET"]}}],"collection":[{"href":"https:\/\/jugulajm.net\/index.php?rest_route=\/wp\/v2\/posts"}],"about":[{"href":"https:\/\/jugulajm.net\/index.php?rest_route=\/wp\/v2\/types\/post"}],"author":[{"embeddable":true,"href":"https:\/\/jugulajm.net\/index.php?rest_route=\/wp\/v2\/users\/5"}],"replies":[{"embeddable":true,"href":"https:\/\/jugulajm.net\/index.php?rest_route=%2Fwp%2Fv2%2Fcomments&post=86244"}],"version-history":[{"count":2,"href":"https:\/\/jugulajm.net\/index.php?rest_route=\/wp\/v2\/posts\/86244\/revisions"}],"predecessor-version":[{"id":86247,"href":"https:\/\/jugulajm.net\/index.php?rest_route=\/wp\/v2\/posts\/86244\/revisions\/86247"}],"wp:featuredmedia":[{"embeddable":true,"href":"https:\/\/jugulajm.net\/index.php?rest_route=\/wp\/v2\/media\/86246"}],"wp:attachment":[{"href":"https:\/\/jugulajm.net\/index.php?rest_route=%2Fwp%2Fv2%2Fmedia&parent=86244"}],"wp:term":[{"taxonomy":"category","embeddable":true,"href":"https:\/\/jugulajm.net\/index.php?rest_route=%2Fwp%2Fv2%2Fcategories&post=86244"},{"taxonomy":"post_tag","embeddable":true,"href":"https:\/\/jugulajm.net\/index.php?rest_route=%2Fwp%2Fv2%2Ftags&post=86244"}],"curies":[{"name":"wp","href":"https:\/\/api.w.org\/{rel}","templated":true}]}}