{"id":86221,"date":"2025-04-08T19:00:16","date_gmt":"2025-04-08T17:00:16","guid":{"rendered":"https:\/\/jugulajm.net\/?p=86221"},"modified":"2025-04-08T19:00:16","modified_gmt":"2025-04-08T17:00:16","slug":"gjermani-vrau-boksierin-shqiptar-ja-sa-vite-burg-denohet-autori","status":"publish","type":"post","link":"https:\/\/jugulajm.net\/?p=86221","title":{"rendered":"Gjermani, vrau boksierin shqiptar, ja sa vite burg d\u00ebnohet autori&#8230;"},"content":{"rendered":"<p>Gjykata Rajonale e Bielefeld n\u00eb Gjermani ka d\u00ebnuar me burgim t\u00eb p\u00ebrjetsh\u00ebm autorin e vrasjes s\u00eb boksierit shqiptar, Besar Nimani.<\/p>\n<div class=\"jeg_ad jeg_ad_article jnews_content_inline_ads  \">\n<div class=\"ads-wrapper align-center \">\n<div class=\"ads_code\">Ky vendim i Gjykat\u00ebs ka ardhur pas k\u00ebrkes\u00ebs s\u00eb Prokuroris\u00eb p\u00ebr nj\u00eb d\u00ebnim maksimal t\u00eb autorit t\u00eb vrasjes.<\/div>\n<div class=\"ads_code\">Aktgjykimi nuk \u00ebsht\u00eb ende p\u00ebrfundimtar, shkruajn\u00eb gjermane.<\/div>\n<\/div>\n<\/div>\n<p>Ky vendim mund t\u00eb apelohet n\u00eb Gjykat\u00ebn Federale t\u00eb Drejt\u00ebsis\u00eb n\u00eb Karsluhe.<\/p>\n<p><a href=\"https:\/\/www1.wdr.de\/nachrichten\/westfalen-lippe\/bielefeld-urteil-mord-boxer-nimani-100.html\">Mediat gjermane<\/a>\u00a0sqarojn\u00eb gjithashtu se burgimi i p\u00ebrjetsh\u00ebm n\u00eb gjermani n\u00ebnkupton heqje t\u00eb liris\u00eb p\u00ebr nj\u00eb periudh\u00eb t\u00eb pacaktuar, por t\u00eb pakt\u00ebn p\u00ebr 15 vjet.<\/p>\n<p>Vet\u00ebm pas k\u00ebsaj periudhe 15 vje\u00e7are mund t\u00eb pezullohet vendimi.<\/p>\n","protected":false},"excerpt":{"rendered":"<p>Gjykata Rajonale e Bielefeld n\u00eb Gjermani ka d\u00ebnuar me burgim t\u00eb p\u00ebrjetsh\u00ebm autorin e vrasjes s\u00eb boksierit shqiptar, Besar Nimani. Ky vendim i Gjykat\u00ebs ka ardhur pas k\u00ebrkes\u00ebs s\u00eb Prokuroris\u00eb p\u00ebr nj\u00eb d\u00ebnim maksimal t\u00eb autorit t\u00eb vrasjes. Aktgjykimi nuk \u00ebsht\u00eb ende p\u00ebrfundimtar, shkruajn\u00eb gjermane. Ky vendim mund t\u00eb apelohet n\u00eb Gjykat\u00ebn Federale t\u00eb Drejt\u00ebsis\u00eb [&hellip;]<\/p>\n","protected":false},"author":5,"featured_media":86222,"comment_status":"closed","ping_status":"closed","sticky":false,"template":"","format":"standard","meta":{"footnotes":""},"categories":[1,7664,6332],"tags":[28574,35710,35709],"class_list":{"0":"post-86221","1":"post","2":"type-post","3":"status-publish","4":"format-standard","5":"has-post-thumbnail","7":"category-aktualitet","8":"category-bota","9":"category-te-fundit","10":"tag-gjermani","11":"tag-ja-sa-vite-burg-denohet-autori","12":"tag-vrau-boksierin-shqiptar"},"_links":{"self":[{"href":"https:\/\/jugulajm.net\/index.php?rest_route=\/wp\/v2\/posts\/86221","targetHints":{"allow":["GET"]}}],"collection":[{"href":"https:\/\/jugulajm.net\/index.php?rest_route=\/wp\/v2\/posts"}],"about":[{"href":"https:\/\/jugulajm.net\/index.php?rest_route=\/wp\/v2\/types\/post"}],"author":[{"embeddable":true,"href":"https:\/\/jugulajm.net\/index.php?rest_route=\/wp\/v2\/users\/5"}],"replies":[{"embeddable":true,"href":"https:\/\/jugulajm.net\/index.php?rest_route=%2Fwp%2Fv2%2Fcomments&post=86221"}],"version-history":[{"count":1,"href":"https:\/\/jugulajm.net\/index.php?rest_route=\/wp\/v2\/posts\/86221\/revisions"}],"predecessor-version":[{"id":86223,"href":"https:\/\/jugulajm.net\/index.php?rest_route=\/wp\/v2\/posts\/86221\/revisions\/86223"}],"wp:featuredmedia":[{"embeddable":true,"href":"https:\/\/jugulajm.net\/index.php?rest_route=\/wp\/v2\/media\/86222"}],"wp:attachment":[{"href":"https:\/\/jugulajm.net\/index.php?rest_route=%2Fwp%2Fv2%2Fmedia&parent=86221"}],"wp:term":[{"taxonomy":"category","embeddable":true,"href":"https:\/\/jugulajm.net\/index.php?rest_route=%2Fwp%2Fv2%2Fcategories&post=86221"},{"taxonomy":"post_tag","embeddable":true,"href":"https:\/\/jugulajm.net\/index.php?rest_route=%2Fwp%2Fv2%2Ftags&post=86221"}],"curies":[{"name":"wp","href":"https:\/\/api.w.org\/{rel}","templated":true}]}}