{"id":86196,"date":"2025-04-08T09:53:34","date_gmt":"2025-04-08T07:53:34","guid":{"rendered":"https:\/\/jugulajm.net\/?p=86196"},"modified":"2025-04-08T09:55:10","modified_gmt":"2025-04-08T07:55:10","slug":"itali-zbardhet-dinamika-e-vrasjes-se-43-vjecarit-shqiptar-ja-detajet","status":"publish","type":"post","link":"https:\/\/jugulajm.net\/?p=86196","title":{"rendered":"Itali, zbardhet dinamika e vrasjes s\u00eb 43-vje\u00e7arit shqiptar, ja detajet&#8230;"},"content":{"rendered":"<p><span style=\"vertical-align: inherit;\"><span style=\"vertical-align: inherit;\"><span style=\"vertical-align: inherit;\"><span style=\"vertical-align: inherit;\">Detaje t\u00eb reja kan\u00eb dal\u00eb n\u00eb drit\u00eb n\u00eb lidhje me vrasjen e 43-vje\u00e7arit, <\/span><\/span><\/span><\/span><span style=\"vertical-align: inherit;\"><span style=\"vertical-align: inherit;\"><span style=\"vertical-align: inherit;\"><span style=\"vertical-align: inherit;\">Vladimir Topjana,<\/span><\/span><\/span><\/span><span style=\"vertical-align: inherit;\"><span style=\"vertical-align: inherit;\"><span style=\"vertical-align: inherit;\"><span style=\"vertical-align: inherit;\">\u00a0t\u00eb diel\u00ebn n\u00eb Pordenon e Italis\u00eb. <\/span><\/span><\/span><\/span><\/p>\n<p><span style=\"vertical-align: inherit;\"><span style=\"vertical-align: inherit;\"><span style=\"vertical-align: inherit;\"><span style=\"vertical-align: inherit;\">N\u00eb lidhje me ngjarjen jan\u00eb arrestuar bab\u00eb e bir, <\/span><\/span><\/span><\/span><span style=\"vertical-align: inherit;\"><span style=\"vertical-align: inherit;\"><span style=\"vertical-align: inherit;\"><span style=\"vertical-align: inherit;\">Pren dhe Rogert Shota<\/span><\/span><\/span><\/span><span style=\"vertical-align: inherit;\"><span style=\"vertical-align: inherit;\"><span style=\"vertical-align: inherit;\"><span style=\"vertical-align: inherit;\">, 67 dhe 34 vje\u00e7.<\/span><\/span><\/span><\/span><\/p>\n<p><strong><a href=\"https:\/\/www.messaggeroveneto.it\/nordest\/omicidio-fontafredda-fermata-audi-bianca-aggressore-fuga-jb2vf7j2\" target=\"_blank\" rel=\"noreferrer noopener\"><span style=\"vertical-align: inherit;\"><span style=\"vertical-align: inherit;\"><span style=\"vertical-align: inherit;\"><span style=\"vertical-align: inherit;\">Mediat italiane\u00a0<\/span><\/span><\/span><\/span><\/a><\/strong><span style=\"vertical-align: inherit;\"><span style=\"vertical-align: inherit;\"><span style=\"vertical-align: inherit;\"><span style=\"vertical-align: inherit;\"> shkruajn\u00eb se arsyeja q\u00eb ka nisur debatin mes pal\u00ebve dhe m\u00eb pas degjeneroi n\u00eb shkrepjen e arm\u00ebve ka qen\u00eb nj\u00eb \u00e7\u00ebshtje e lidhur me sht\u00ebpin\u00eb e nj\u00eb cope toke n\u00eb Shqip\u00ebri.<\/span><\/span><\/span><\/span><\/p>\n<div class=\"bnr-wrapper\">\n<div id=\"div-dynamic-banner-1\" data-google-query-id=\"CKStidX5x4wDFVhE9ggdjRkEkw\">\n<div id=\"google_ads_iframe_\/197741849\/klan__section_4_1__container__\"><\/div>\n<\/div>\n<\/div>\n<p><span style=\"vertical-align: inherit;\"><span style=\"vertical-align: inherit;\"><span style=\"vertical-align: inherit;\"><span style=\"vertical-align: inherit;\">Si\u00e7 shkruan t\u00eb gjitha burimet, si d\u00ebmtojn\u00eb t\u00eb fort\u00eb Topjana e kafshuar veshin babait t\u00eb Rogertit, Prenit.<\/span><\/span><\/span><\/span><\/p>\n<p><span style=\"vertical-align: inherit;\"><span style=\"vertical-align: inherit;\"><span style=\"vertical-align: inherit;\"><span style=\"vertical-align: inherit;\"> Ky ka sukses m\u00eb pas arm\u00ebt nga djali.<\/span><\/span><\/span><\/span><\/p>\n<p><span style=\"vertical-align: inherit;\"><span style=\"vertical-align: inherit;\"><span style=\"vertical-align: inherit;\"><span style=\"vertical-align: inherit;\">Topjana ka marr\u00eb dy plumba n\u00eb bark dhe nj\u00eb tjet\u00ebr n\u00eb kok\u00eb, q\u00eb ka qen\u00eb edhe fatali p\u00ebr t\u00eb.<\/span><\/span><\/span><\/span><\/p>\n<div class=\"bnr-wrapper\">\n<div id=\"div-dynamic-banner-2\" data-google-query-id=\"CIeKidX5x4wDFWhD9ggdb8gWWQ\">\n<div id=\"google_ads_iframe_\/197741849\/klan__section_3_1__container__\"><\/div>\n<\/div>\n<\/div>\n<p><strong><a href=\"https:\/\/www.rainews.it\/tgr\/fvg\/articoli\/2025\/04\/omicidio-a-fontanafredda-vittima-un-cittadino-albanese-4d6b4052-88ef-4d5c-a5ee-ba79a4d43674.html\" target=\"_blank\" rel=\"noreferrer noopener\"><span style=\"vertical-align: inherit;\"><span style=\"vertical-align: inherit;\"><span style=\"vertical-align: inherit;\"><span style=\"vertical-align: inherit;\">Rai News\u00a0<\/span><\/span><\/span><\/span><\/a><\/strong><span style=\"vertical-align: inherit;\"><span style=\"vertical-align: inherit;\"><span style=\"vertical-align: inherit;\"><span style=\"vertical-align: inherit;\"> shkruan se t\u00eb gjith\u00eb shqiptar\u00ebt jan\u00eb p\u00ebrfshir\u00eb n\u00eb k\u00ebt\u00eb ngjarje nuk kan\u00eb pasur precedent penal\u00eb n\u00eb Itali.<\/span><\/span><\/span><\/span><\/p>\n<p><span style=\"vertical-align: inherit;\"><span style=\"vertical-align: inherit;\"><span style=\"vertical-align: inherit;\"><span style=\"vertical-align: inherit;\">Pas ngjarjes, Rogert Shota ka d\u00ebrguar t\u00eb atin, Prenin, n\u00eb sht\u00ebpi, nd\u00ebrsa vet\u00eb shkoi drejt Venetos. Por t\u00eb dy u arrestuan.<\/span><\/span><\/span><\/span><\/p>\n","protected":false},"excerpt":{"rendered":"<p>Detaje t\u00eb reja kan\u00eb dal\u00eb n\u00eb drit\u00eb n\u00eb lidhje me vrasjen e 43-vje\u00e7arit, Vladimir Topjana,\u00a0t\u00eb diel\u00ebn n\u00eb Pordenon e Italis\u00eb. N\u00eb lidhje me ngjarjen jan\u00eb arrestuar bab\u00eb e bir, Pren dhe Rogert Shota, 67 dhe 34 vje\u00e7. Mediat italiane\u00a0 shkruajn\u00eb se arsyeja q\u00eb ka nisur debatin mes pal\u00ebve dhe m\u00eb pas degjeneroi n\u00eb shkrepjen e [&hellip;]<\/p>\n","protected":false},"author":5,"featured_media":86168,"comment_status":"closed","ping_status":"closed","sticky":false,"template":"","format":"standard","meta":{"footnotes":""},"categories":[1,7664,6332],"tags":[26133,21500,35698],"class_list":{"0":"post-86196","1":"post","2":"type-post","3":"status-publish","4":"format-standard","5":"has-post-thumbnail","7":"category-aktualitet","8":"category-bota","9":"category-te-fundit","10":"tag-itali","11":"tag-ja-detajet","12":"tag-zbardhet-dinamika-e-vrasjes-se-43-vjecarit-shqiptar"},"_links":{"self":[{"href":"https:\/\/jugulajm.net\/index.php?rest_route=\/wp\/v2\/posts\/86196","targetHints":{"allow":["GET"]}}],"collection":[{"href":"https:\/\/jugulajm.net\/index.php?rest_route=\/wp\/v2\/posts"}],"about":[{"href":"https:\/\/jugulajm.net\/index.php?rest_route=\/wp\/v2\/types\/post"}],"author":[{"embeddable":true,"href":"https:\/\/jugulajm.net\/index.php?rest_route=\/wp\/v2\/users\/5"}],"replies":[{"embeddable":true,"href":"https:\/\/jugulajm.net\/index.php?rest_route=%2Fwp%2Fv2%2Fcomments&post=86196"}],"version-history":[{"count":3,"href":"https:\/\/jugulajm.net\/index.php?rest_route=\/wp\/v2\/posts\/86196\/revisions"}],"predecessor-version":[{"id":86199,"href":"https:\/\/jugulajm.net\/index.php?rest_route=\/wp\/v2\/posts\/86196\/revisions\/86199"}],"wp:featuredmedia":[{"embeddable":true,"href":"https:\/\/jugulajm.net\/index.php?rest_route=\/wp\/v2\/media\/86168"}],"wp:attachment":[{"href":"https:\/\/jugulajm.net\/index.php?rest_route=%2Fwp%2Fv2%2Fmedia&parent=86196"}],"wp:term":[{"taxonomy":"category","embeddable":true,"href":"https:\/\/jugulajm.net\/index.php?rest_route=%2Fwp%2Fv2%2Fcategories&post=86196"},{"taxonomy":"post_tag","embeddable":true,"href":"https:\/\/jugulajm.net\/index.php?rest_route=%2Fwp%2Fv2%2Ftags&post=86196"}],"curies":[{"name":"wp","href":"https:\/\/api.w.org\/{rel}","templated":true}]}}