{"id":86171,"date":"2025-04-07T12:18:31","date_gmt":"2025-04-07T10:18:31","guid":{"rendered":"https:\/\/jugulajm.net\/?p=86171"},"modified":"2025-04-07T12:19:45","modified_gmt":"2025-04-07T10:19:45","slug":"27-vjecari-humb-kontaktet-me-familjen-shkoi-per-te-prere-dru-ne-pyll-dhe","status":"publish","type":"post","link":"https:\/\/jugulajm.net\/?p=86171","title":{"rendered":"27-vje\u00e7ari humb kontaktet me familjen, shkoi p\u00ebr t\u00eb prer\u00eb dru n\u00eb pyll dhe&#8230;"},"content":{"rendered":"<p><span style=\"vertical-align: inherit;\"><span style=\"vertical-align: inherit;\">Nj\u00eb 27-vje\u00e7ar ka humbur kontaktet me familjen, pasi iku p\u00ebr t\u00eb par\u00eb n\u00eb pyll. <\/span><\/span><\/p>\n<p><span style=\"vertical-align: inherit;\"><span style=\"vertical-align: inherit;\">I riu <span style=\"vertical-align: inherit;\">nga fshati Kishaj i Hasit<\/span> humbi kontaktet rreth or\u00ebs 17:00 t\u00eb dit\u00ebs s\u00eb djeshme, kur familjar\u00ebt njoftuan edhe policin\u00eb.<\/span><\/span><\/p>\n<p><span style=\"vertical-align: inherit;\"><span style=\"vertical-align: inherit;\">Menj\u00ebher\u00eb pas njoftimit, sh\u00ebrbimet e policis\u00eb kan\u00eb fshat k\u00ebrkimet n\u00eb zon\u00eb, n\u00eb bashk\u00ebpunim me Emergjencat Civile dhe t\u00eb banor\u00ebve, p\u00ebr gjetjen e shtetasit A. Ll., por ende nuk \u00ebsht\u00eb b\u00ebr\u00eb e mundur gjetja e tij, q\u00eb k\u00ebrkojn\u00eb t\u00eb vijojn\u00eb ende.<\/span><\/span><\/p>\n<p><strong><span style=\"vertical-align: inherit;\"><span style=\"vertical-align: inherit;\">Njoftimi i Shtetit:<\/span><\/span><\/strong><\/p>\n<p><span style=\"vertical-align: inherit;\"><span style=\"vertical-align: inherit;\">Sh\u00ebrbimet e Komariatit t\u00eb Hasit, mbr\u00ebmjen e djeshme, jan\u00eb njoftuar nga familjar\u00ebt e shtetasit A. Ll., 27 vje\u00e7, banues n\u00eb fshatin Kishaj, se rreth or\u00ebs 17:00 kishin humbur kontaktin me 27-vje\u00e7arin, i cili ishte larguar nga banesa n\u00eb m\u00ebngjes, p\u00ebr t\u00eb par\u00eb dru, n\u00eb pyll.<\/span><\/span><\/p>\n<p><span style=\"vertical-align: inherit;\"><span style=\"vertical-align: inherit;\">Menj\u00ebher\u00eb pas njoftimit, sh\u00ebrbimet e luft\u00ebs kan\u00eb nisur k\u00ebrkimet n\u00eb zon\u00eb, n\u00eb bashk\u00ebpunim me Emergjencat Civile dhe banor\u00ebt e fshatit, p\u00ebr gjetjen e shtetasit A. Ll., por ende nuk \u00ebsht\u00eb b\u00ebr\u00eb e mundur gjetja e tij.<\/span><\/span><\/p>\n<p><span style=\"vertical-align: inherit;\"><span style=\"vertical-align: inherit;\">Vijojn\u00eb k\u00ebrkimet p\u00ebr gjetjen e shtetasit A. Ll.<\/span><\/span><\/p>\n<p><span style=\"vertical-align: inherit;\"><span style=\"vertical-align: inherit;\">P\u00ebr informacione n\u00eb lidhje me nj\u00eb num\u00ebr t\u00eb \u00e7do shteti, mund t\u00eb telefononi n\u00eb numrin pa pages\u00eb 112.<\/span><\/span><\/p>\n","protected":false},"excerpt":{"rendered":"<p>Nj\u00eb 27-vje\u00e7ar ka humbur kontaktet me familjen, pasi iku p\u00ebr t\u00eb par\u00eb n\u00eb pyll. I riu nga fshati Kishaj i Hasit humbi kontaktet rreth or\u00ebs 17:00 t\u00eb dit\u00ebs s\u00eb djeshme, kur familjar\u00ebt njoftuan edhe policin\u00eb. Menj\u00ebher\u00eb pas njoftimit, sh\u00ebrbimet e policis\u00eb kan\u00eb fshat k\u00ebrkimet n\u00eb zon\u00eb, n\u00eb bashk\u00ebpunim me Emergjencat Civile dhe t\u00eb banor\u00ebve, p\u00ebr [&hellip;]<\/p>\n","protected":false},"author":5,"featured_media":50449,"comment_status":"closed","ping_status":"closed","sticky":false,"template":"","format":"standard","meta":{"footnotes":""},"categories":[1,6332,29228],"tags":[35684,35685],"class_list":{"0":"post-86171","1":"post","2":"type-post","3":"status-publish","4":"format-standard","5":"has-post-thumbnail","7":"category-aktualitet","8":"category-te-fundit","9":"category-vendi","10":"tag-27-vjecari-humb-kontaktet-me-familjen","11":"tag-shkoi-per-te-prere-dru-ne-pyll-dhe"},"_links":{"self":[{"href":"https:\/\/jugulajm.net\/index.php?rest_route=\/wp\/v2\/posts\/86171","targetHints":{"allow":["GET"]}}],"collection":[{"href":"https:\/\/jugulajm.net\/index.php?rest_route=\/wp\/v2\/posts"}],"about":[{"href":"https:\/\/jugulajm.net\/index.php?rest_route=\/wp\/v2\/types\/post"}],"author":[{"embeddable":true,"href":"https:\/\/jugulajm.net\/index.php?rest_route=\/wp\/v2\/users\/5"}],"replies":[{"embeddable":true,"href":"https:\/\/jugulajm.net\/index.php?rest_route=%2Fwp%2Fv2%2Fcomments&post=86171"}],"version-history":[{"count":2,"href":"https:\/\/jugulajm.net\/index.php?rest_route=\/wp\/v2\/posts\/86171\/revisions"}],"predecessor-version":[{"id":86173,"href":"https:\/\/jugulajm.net\/index.php?rest_route=\/wp\/v2\/posts\/86171\/revisions\/86173"}],"wp:featuredmedia":[{"embeddable":true,"href":"https:\/\/jugulajm.net\/index.php?rest_route=\/wp\/v2\/media\/50449"}],"wp:attachment":[{"href":"https:\/\/jugulajm.net\/index.php?rest_route=%2Fwp%2Fv2%2Fmedia&parent=86171"}],"wp:term":[{"taxonomy":"category","embeddable":true,"href":"https:\/\/jugulajm.net\/index.php?rest_route=%2Fwp%2Fv2%2Fcategories&post=86171"},{"taxonomy":"post_tag","embeddable":true,"href":"https:\/\/jugulajm.net\/index.php?rest_route=%2Fwp%2Fv2%2Ftags&post=86171"}],"curies":[{"name":"wp","href":"https:\/\/api.w.org\/{rel}","templated":true}]}}